{"id":126,"date":"2022-12-22T20:15:59","date_gmt":"2022-12-22T19:15:59","guid":{"rendered":"https:\/\/www.schneppendorf-pro-natur.de\/WP\/?p=126"},"modified":"2022-12-29T20:16:57","modified_gmt":"2022-12-29T19:16:57","slug":"weihnachtsgruesse","status":"publish","type":"post","link":"http:\/\/www.schneppendorf-pro-natur.de\/WP\/2022\/12\/22\/weihnachtsgruesse\/","title":{"rendered":"Weihnachtsgr\u00fc\u00dfe"},"content":{"rendered":"\n<p class=\"has-text-color has-medium-font-size\" style=\"color:#c6a273;text-transform:uppercase\">Der Vorstand der B\u00fcrgerinitiative w\u00fcnscht frohe Weihnachten und ein gutes Jahr 2023.<\/p>\n\n\n\n<p>W\u00e4hrend das alte Jahr langsam ausklingt und uns doch noch die Eintragung des neuen Vorstandes in das Vereinsregister bescherte, laufen die Planungen f\u00fcr das neue Jahr 2023.<\/p>\n\n\n\n<p><strong>Was erwartet uns da in Sachen Kiesabbau?<\/strong><\/p>\n\n\n\n<p>Wahrscheinlich kommt schon bald die \u00f6ffentliche Auslage des Planfeststellungsverfahrens. Hier k\u00f6nnen alle vom geplanten Kiestagebau betroffenen Personen und Institutionen Einwendungen erheben. Darin k\u00f6nnen alle privaten und \u00f6ffentlichen Interessen gegen die Planung eingebracht werden. Mit jeder individuellen Einwendung muss sich das Oberbergamt auseinandersetzen! Wir unterst\u00fctzen euch bei euren Einreichungen wie auch dem Formulieren Eurer Bedenken und werden dazu noch gesondert informieren.<\/p>\n\n\n\n<p>Alle, die so aktiv wurden, k\u00f6nnen am darauffolgenden Er\u00f6rterungstermin teilnehmen. Mit zahlreichen und gut begr\u00fcndeten Stellungnahmen sowie vor Ort beim Er\u00f6rterungstermin k\u00f6nnen wir zeigen, dass wir viele sind und um unser Dorf k\u00e4mpfen&#8230;!<\/p>\n","protected":false},"excerpt":{"rendered":"<p>Der Vorstand der B\u00fcrgerinitiative w\u00fcnscht frohe Weihnachten und ein gutes Jahr 2023. W\u00e4hrend das alte Jahr langsam ausklingt und uns doch noch die Eintragung des neuen Vorstandes in das Vereinsregister bescherte, laufen die Planungen f\u00fcr das neue Jahr 2023. Was erwartet uns da in Sachen Kiesabbau? Wahrscheinlich kommt schon bald die \u00f6ffentliche Auslage des Planfeststellungsverfahrens. [&hellip;]<\/p>\n","protected":false},"author":1,"featured_media":127,"comment_status":"closed","ping_status":"closed","sticky":false,"template":"","format":"standard","meta":{"footnotes":""},"categories":[1],"tags":[],"class_list":["post-126","post","type-post","status-publish","format-standard","has-post-thumbnail","hentry","category-vorstand"],"_links":{"self":[{"href":"http:\/\/www.schneppendorf-pro-natur.de\/WP\/wp-json\/wp\/v2\/posts\/126","targetHints":{"allow":["GET"]}}],"collection":[{"href":"http:\/\/www.schneppendorf-pro-natur.de\/WP\/wp-json\/wp\/v2\/posts"}],"about":[{"href":"http:\/\/www.schneppendorf-pro-natur.de\/WP\/wp-json\/wp\/v2\/types\/post"}],"author":[{"embeddable":true,"href":"http:\/\/www.schneppendorf-pro-natur.de\/WP\/wp-json\/wp\/v2\/users\/1"}],"replies":[{"embeddable":true,"href":"http:\/\/www.schneppendorf-pro-natur.de\/WP\/wp-json\/wp\/v2\/comments?post=126"}],"version-history":[{"count":5,"href":"http:\/\/www.schneppendorf-pro-natur.de\/WP\/wp-json\/wp\/v2\/posts\/126\/revisions"}],"predecessor-version":[{"id":132,"href":"http:\/\/www.schneppendorf-pro-natur.de\/WP\/wp-json\/wp\/v2\/posts\/126\/revisions\/132"}],"wp:featuredmedia":[{"embeddable":true,"href":"http:\/\/www.schneppendorf-pro-natur.de\/WP\/wp-json\/wp\/v2\/media\/127"}],"wp:attachment":[{"href":"http:\/\/www.schneppendorf-pro-natur.de\/WP\/wp-json\/wp\/v2\/media?parent=126"}],"wp:term":[{"taxonomy":"category","embeddable":true,"href":"http:\/\/www.schneppendorf-pro-natur.de\/WP\/wp-json\/wp\/v2\/categories?post=126"},{"taxonomy":"post_tag","embeddable":true,"href":"http:\/\/www.schneppendorf-pro-natur.de\/WP\/wp-json\/wp\/v2\/tags?post=126"}],"curies":[{"name":"wp","href":"https:\/\/api.w.org\/{rel}","templated":true}]}}