{"id":137,"date":"2023-03-28T16:16:09","date_gmt":"2023-03-28T14:16:09","guid":{"rendered":"https:\/\/www.schneppendorf-pro-natur.de\/WP\/?p=137"},"modified":"2023-04-13T16:22:56","modified_gmt":"2023-04-13T14:22:56","slug":"vorstandsitzung-am-27-03-2023","status":"publish","type":"post","link":"http:\/\/www.schneppendorf-pro-natur.de\/WP\/2023\/03\/28\/vorstandsitzung-am-27-03-2023\/","title":{"rendered":"Vorstandsitzung am 27.03.2023"},"content":{"rendered":"\n<p>Am 27.03.2023 fand erneut eine Vorstandssitzung statt, bei der neben dem Vorstand zwei G\u00e4ste anwesend waren. <\/p>\n\n\n\n<p>Hauptthemen waren die Auswertung des vorherigen Treffens mit dem Landrat Hr. Michaelis sowie zahlreiche Terminplanungen. Eine bedeutendes Thema war die Organisation einer gemeinsamen IDUR-Sitzung (Informationsdienst Umweltrecht) mit dem Netzwerk der Initiativgruppen Gesteinsabbau e.V. im Juli. Hierbei wurden Themen wie die Kl\u00e4rung des Raumes, der Verpflegung und der Finanzierung besprochen. Zus\u00e4tzlich gab es eine erste Ideensammlung zum bevorstehenden 15-j\u00e4hrigen Jubil\u00e4um der BI. <\/p>\n\n\n\n<p>Ein einstimmiger Beschluss des Vorstands war es, dem Netzwerk der Initiativgruppen Gesteinsabbau e.V. beizutreten.<\/p>\n","protected":false},"excerpt":{"rendered":"<p>Am 27.03.2023 fand erneut eine Vorstandssitzung statt, bei der neben dem Vorstand zwei G\u00e4ste anwesend waren. Hauptthemen waren die Auswertung des vorherigen Treffens mit dem Landrat Hr. Michaelis sowie zahlreiche Terminplanungen. Eine bedeutendes Thema war die Organisation einer gemeinsamen IDUR-Sitzung (Informationsdienst Umweltrecht) mit dem Netzwerk der Initiativgruppen Gesteinsabbau e.V. im Juli. Hierbei wurden Themen wie [&hellip;]<\/p>\n","protected":false},"author":1,"featured_media":0,"comment_status":"closed","ping_status":"closed","sticky":false,"template":"","format":"standard","meta":{"footnotes":""},"categories":[1],"tags":[],"class_list":["post-137","post","type-post","status-publish","format-standard","hentry","category-vorstand"],"_links":{"self":[{"href":"http:\/\/www.schneppendorf-pro-natur.de\/WP\/wp-json\/wp\/v2\/posts\/137","targetHints":{"allow":["GET"]}}],"collection":[{"href":"http:\/\/www.schneppendorf-pro-natur.de\/WP\/wp-json\/wp\/v2\/posts"}],"about":[{"href":"http:\/\/www.schneppendorf-pro-natur.de\/WP\/wp-json\/wp\/v2\/types\/post"}],"author":[{"embeddable":true,"href":"http:\/\/www.schneppendorf-pro-natur.de\/WP\/wp-json\/wp\/v2\/users\/1"}],"replies":[{"embeddable":true,"href":"http:\/\/www.schneppendorf-pro-natur.de\/WP\/wp-json\/wp\/v2\/comments?post=137"}],"version-history":[{"count":1,"href":"http:\/\/www.schneppendorf-pro-natur.de\/WP\/wp-json\/wp\/v2\/posts\/137\/revisions"}],"predecessor-version":[{"id":138,"href":"http:\/\/www.schneppendorf-pro-natur.de\/WP\/wp-json\/wp\/v2\/posts\/137\/revisions\/138"}],"wp:attachment":[{"href":"http:\/\/www.schneppendorf-pro-natur.de\/WP\/wp-json\/wp\/v2\/media?parent=137"}],"wp:term":[{"taxonomy":"category","embeddable":true,"href":"http:\/\/www.schneppendorf-pro-natur.de\/WP\/wp-json\/wp\/v2\/categories?post=137"},{"taxonomy":"post_tag","embeddable":true,"href":"http:\/\/www.schneppendorf-pro-natur.de\/WP\/wp-json\/wp\/v2\/tags?post=137"}],"curies":[{"name":"wp","href":"https:\/\/api.w.org\/{rel}","templated":true}]}}