{"id":139,"date":"2023-02-28T10:49:00","date_gmt":"2023-02-28T09:49:00","guid":{"rendered":"https:\/\/www.schneppendorf-pro-natur.de\/WP\/?p=139"},"modified":"2023-04-13T17:28:46","modified_gmt":"2023-04-13T15:28:46","slug":"vorstandssitzung-der-buergerinitiative-vorbereitung-auf-kommende-termine","status":"publish","type":"post","link":"http:\/\/www.schneppendorf-pro-natur.de\/WP\/2023\/02\/28\/vorstandssitzung-der-buergerinitiative-vorbereitung-auf-kommende-termine\/","title":{"rendered":"Vorstandssitzung der B\u00fcrgerinitiative 27.02.2023 \u2013 Vorbereitung auf kommende Termine"},"content":{"rendered":"\n<p><\/p>\n\n\n\n<p>Die B\u00fcrgerinitiative (BI) f\u00fchrte am 27.02.2023 eine Vorstandssitzung mit einem Gast online durch. Die Themen waren die Vorbereitung eines Termins beim Landrat, ein F\u00f6rdermittelantrag und die Erstellung von Mustertexten f\u00fcr B\u00fcrgerbeteiligung.<\/p>\n","protected":false},"excerpt":{"rendered":"<p>Die B\u00fcrgerinitiative (BI) f\u00fchrte am 27.02.2023 eine Vorstandssitzung mit einem Gast online durch. Die Themen waren die Vorbereitung eines Termins beim Landrat, ein F\u00f6rdermittelantrag und die Erstellung von Mustertexten f\u00fcr B\u00fcrgerbeteiligung.<\/p>\n","protected":false},"author":1,"featured_media":0,"comment_status":"closed","ping_status":"closed","sticky":false,"template":"","format":"standard","meta":{"footnotes":""},"categories":[1],"tags":[],"class_list":["post-139","post","type-post","status-publish","format-standard","hentry","category-vorstand"],"_links":{"self":[{"href":"http:\/\/www.schneppendorf-pro-natur.de\/WP\/wp-json\/wp\/v2\/posts\/139","targetHints":{"allow":["GET"]}}],"collection":[{"href":"http:\/\/www.schneppendorf-pro-natur.de\/WP\/wp-json\/wp\/v2\/posts"}],"about":[{"href":"http:\/\/www.schneppendorf-pro-natur.de\/WP\/wp-json\/wp\/v2\/types\/post"}],"author":[{"embeddable":true,"href":"http:\/\/www.schneppendorf-pro-natur.de\/WP\/wp-json\/wp\/v2\/users\/1"}],"replies":[{"embeddable":true,"href":"http:\/\/www.schneppendorf-pro-natur.de\/WP\/wp-json\/wp\/v2\/comments?post=139"}],"version-history":[{"count":2,"href":"http:\/\/www.schneppendorf-pro-natur.de\/WP\/wp-json\/wp\/v2\/posts\/139\/revisions"}],"predecessor-version":[{"id":147,"href":"http:\/\/www.schneppendorf-pro-natur.de\/WP\/wp-json\/wp\/v2\/posts\/139\/revisions\/147"}],"wp:attachment":[{"href":"http:\/\/www.schneppendorf-pro-natur.de\/WP\/wp-json\/wp\/v2\/media?parent=139"}],"wp:term":[{"taxonomy":"category","embeddable":true,"href":"http:\/\/www.schneppendorf-pro-natur.de\/WP\/wp-json\/wp\/v2\/categories?post=139"},{"taxonomy":"post_tag","embeddable":true,"href":"http:\/\/www.schneppendorf-pro-natur.de\/WP\/wp-json\/wp\/v2\/tags?post=139"}],"curies":[{"name":"wp","href":"https:\/\/api.w.org\/{rel}","templated":true}]}}