{"id":141,"date":"2023-03-15T16:52:22","date_gmt":"2023-03-15T15:52:22","guid":{"rendered":"https:\/\/www.schneppendorf-pro-natur.de\/WP\/?p=141"},"modified":"2023-04-13T18:07:27","modified_gmt":"2023-04-13T16:07:27","slug":"vorstandssitzung-am-13-3-23-industriegebiet-und-weiteres","status":"publish","type":"post","link":"http:\/\/www.schneppendorf-pro-natur.de\/WP\/2023\/03\/15\/vorstandssitzung-am-13-3-23-industriegebiet-und-weiteres\/","title":{"rendered":"Vorstandssitzung am 13.3.23 &#8211; Industriegebiet und weiteres"},"content":{"rendered":"\n<p>In der Vorstandssitzung am 13.3.23 nahmen neben dem Vorstand auch drei G\u00e4ste teil. Eines der Themen war das geplante Industriegebiet in der Stadt.  Laut einer Meldung in der Freien Presse vom gleichen Tag hat der Stadtrat Gelder bewilligt, um den Bebauungsplan f\u00fcr das Gebiet zu erstellen. Derzeit sind noch keine genaueren Informationen dar\u00fcber bekannt, welche Fl\u00e4chen betroffen sein werden.<\/p>\n\n\n\n<p>Ein weiterer Punkt, der in der Sitzung zur Sprache kam, war die Entfernung der Bauz\u00e4une, an denen Plakate zum Kampf gegen den Kiestagebau hingen. Es handelte sich bei den Bauz\u00e4unen um eine Leihgabe.<\/p>\n\n\n\n<p>Es bleibt abzuwarten, wie sich die Planungen f\u00fcr das Industriegebiet weiterentwickeln werden. Wir werden die Situation weiterhin im Auge behalten.<\/p>\n","protected":false},"excerpt":{"rendered":"<p>In der Vorstandssitzung am 13.3.23 nahmen neben dem Vorstand auch drei G\u00e4ste teil. Eines der Themen war das geplante Industriegebiet in der Stadt. Laut einer Meldung in der Freien Presse vom gleichen Tag hat der Stadtrat Gelder bewilligt, um den Bebauungsplan f\u00fcr das Gebiet zu erstellen. Derzeit sind noch keine genaueren Informationen dar\u00fcber bekannt, welche [&hellip;]<\/p>\n","protected":false},"author":1,"featured_media":156,"comment_status":"closed","ping_status":"closed","sticky":false,"template":"","format":"standard","meta":{"footnotes":""},"categories":[1],"tags":[],"class_list":["post-141","post","type-post","status-publish","format-standard","has-post-thumbnail","hentry","category-vorstand"],"_links":{"self":[{"href":"http:\/\/www.schneppendorf-pro-natur.de\/WP\/wp-json\/wp\/v2\/posts\/141","targetHints":{"allow":["GET"]}}],"collection":[{"href":"http:\/\/www.schneppendorf-pro-natur.de\/WP\/wp-json\/wp\/v2\/posts"}],"about":[{"href":"http:\/\/www.schneppendorf-pro-natur.de\/WP\/wp-json\/wp\/v2\/types\/post"}],"author":[{"embeddable":true,"href":"http:\/\/www.schneppendorf-pro-natur.de\/WP\/wp-json\/wp\/v2\/users\/1"}],"replies":[{"embeddable":true,"href":"http:\/\/www.schneppendorf-pro-natur.de\/WP\/wp-json\/wp\/v2\/comments?post=141"}],"version-history":[{"count":3,"href":"http:\/\/www.schneppendorf-pro-natur.de\/WP\/wp-json\/wp\/v2\/posts\/141\/revisions"}],"predecessor-version":[{"id":148,"href":"http:\/\/www.schneppendorf-pro-natur.de\/WP\/wp-json\/wp\/v2\/posts\/141\/revisions\/148"}],"wp:featuredmedia":[{"embeddable":true,"href":"http:\/\/www.schneppendorf-pro-natur.de\/WP\/wp-json\/wp\/v2\/media\/156"}],"wp:attachment":[{"href":"http:\/\/www.schneppendorf-pro-natur.de\/WP\/wp-json\/wp\/v2\/media?parent=141"}],"wp:term":[{"taxonomy":"category","embeddable":true,"href":"http:\/\/www.schneppendorf-pro-natur.de\/WP\/wp-json\/wp\/v2\/categories?post=141"},{"taxonomy":"post_tag","embeddable":true,"href":"http:\/\/www.schneppendorf-pro-natur.de\/WP\/wp-json\/wp\/v2\/tags?post=141"}],"curies":[{"name":"wp","href":"https:\/\/api.w.org\/{rel}","templated":true}]}}