{"id":153,"date":"2022-12-16T17:56:37","date_gmt":"2022-12-16T16:56:37","guid":{"rendered":"https:\/\/www.schneppendorf-pro-natur.de\/WP\/?p=153"},"modified":"2023-04-13T18:04:32","modified_gmt":"2023-04-13T16:04:32","slug":"in-der-vorstandssitzung-am-12-12-23","status":"publish","type":"post","link":"http:\/\/www.schneppendorf-pro-natur.de\/WP\/2022\/12\/16\/in-der-vorstandssitzung-am-12-12-23\/","title":{"rendered":"In der Vorstandssitzung am 12.12.23"},"content":{"rendered":"\n<p>In der Vorstandssitzung am 12.12.23 waren Mitglieder des Vorstands der B\u00fcrgerinitiative sowie ein Gast anwesend. Der Vorstand berichtete \u00fcber den erfolgreichen Weihnachtstraktor, der in diesem Jahr viele positive R\u00fcckmeldungen erhielt.<\/p>\n\n\n\n<p>Des Weiteren wurde bekannt gegeben, dass ein Interview mit der Freien Presse stattfand und ein Artikel dazu bald ver\u00f6ffentlicht werden soll.<\/p>\n\n\n\n<p>Auch f\u00fcr das Jahr 2023 wurden bereits Planungen besprochen. <\/p>\n","protected":false},"excerpt":{"rendered":"<p>In der Vorstandssitzung am 12.12.23 waren Mitglieder des Vorstands der B\u00fcrgerinitiative sowie ein Gast anwesend. Der Vorstand berichtete \u00fcber den erfolgreichen Weihnachtstraktor, der in diesem Jahr viele positive R\u00fcckmeldungen erhielt. Des Weiteren wurde bekannt gegeben, dass ein Interview mit der Freien Presse stattfand und ein Artikel dazu bald ver\u00f6ffentlicht werden soll. Auch f\u00fcr das Jahr [&hellip;]<\/p>\n","protected":false},"author":1,"featured_media":155,"comment_status":"open","ping_status":"open","sticky":false,"template":"","format":"standard","meta":{"footnotes":""},"categories":[1],"tags":[],"class_list":["post-153","post","type-post","status-publish","format-standard","has-post-thumbnail","hentry","category-vorstand"],"_links":{"self":[{"href":"http:\/\/www.schneppendorf-pro-natur.de\/WP\/wp-json\/wp\/v2\/posts\/153","targetHints":{"allow":["GET"]}}],"collection":[{"href":"http:\/\/www.schneppendorf-pro-natur.de\/WP\/wp-json\/wp\/v2\/posts"}],"about":[{"href":"http:\/\/www.schneppendorf-pro-natur.de\/WP\/wp-json\/wp\/v2\/types\/post"}],"author":[{"embeddable":true,"href":"http:\/\/www.schneppendorf-pro-natur.de\/WP\/wp-json\/wp\/v2\/users\/1"}],"replies":[{"embeddable":true,"href":"http:\/\/www.schneppendorf-pro-natur.de\/WP\/wp-json\/wp\/v2\/comments?post=153"}],"version-history":[{"count":1,"href":"http:\/\/www.schneppendorf-pro-natur.de\/WP\/wp-json\/wp\/v2\/posts\/153\/revisions"}],"predecessor-version":[{"id":154,"href":"http:\/\/www.schneppendorf-pro-natur.de\/WP\/wp-json\/wp\/v2\/posts\/153\/revisions\/154"}],"wp:featuredmedia":[{"embeddable":true,"href":"http:\/\/www.schneppendorf-pro-natur.de\/WP\/wp-json\/wp\/v2\/media\/155"}],"wp:attachment":[{"href":"http:\/\/www.schneppendorf-pro-natur.de\/WP\/wp-json\/wp\/v2\/media?parent=153"}],"wp:term":[{"taxonomy":"category","embeddable":true,"href":"http:\/\/www.schneppendorf-pro-natur.de\/WP\/wp-json\/wp\/v2\/categories?post=153"},{"taxonomy":"post_tag","embeddable":true,"href":"http:\/\/www.schneppendorf-pro-natur.de\/WP\/wp-json\/wp\/v2\/tags?post=153"}],"curies":[{"name":"wp","href":"https:\/\/api.w.org\/{rel}","templated":true}]}}