{"id":161,"date":"2023-05-07T09:39:11","date_gmt":"2023-05-07T07:39:11","guid":{"rendered":"https:\/\/www.schneppendorf-pro-natur.de\/WP\/?p=161"},"modified":"2023-05-07T09:39:11","modified_gmt":"2023-05-07T07:39:11","slug":"zu-besuch-bei-der-fraktion-buerger-fuer-zwickau","status":"publish","type":"post","link":"http:\/\/www.schneppendorf-pro-natur.de\/WP\/2023\/05\/07\/zu-besuch-bei-der-fraktion-buerger-fuer-zwickau\/","title":{"rendered":"Zu Besuch bei der Fraktion B\u00fcrger f\u00fcr Zwickau"},"content":{"rendered":"\n<p>am 20.4.2023 waren wir eingeladen zur Fraktionssitzung der Stadtratsfraktion B\u00fcrger f\u00fcr Zwickau. Wir nutzen sie Chance uns und unser Anliegen den Mandatstr\u00e4gern der B\u00fcrger f\u00fcr Zwickau vorzustellen. Wir bedanken uns f\u00fcr die Einladung und die Diskussion. Wir bleiben im Gespr\u00e4ch. <\/p>\n\n\n\n<p><\/p>\n\n\n\n<p><\/p>\n","protected":false},"excerpt":{"rendered":"<p>am 20.4.2023 waren wir eingeladen zur Fraktionssitzung der Stadtratsfraktion B\u00fcrger f\u00fcr Zwickau. Wir nutzen sie Chance uns und unser Anliegen den Mandatstr\u00e4gern der B\u00fcrger f\u00fcr Zwickau vorzustellen. Wir bedanken uns f\u00fcr die Einladung und die Diskussion. Wir bleiben im Gespr\u00e4ch.<\/p>\n","protected":false},"author":1,"featured_media":162,"comment_status":"closed","ping_status":"closed","sticky":false,"template":"","format":"standard","meta":{"footnotes":""},"categories":[1],"tags":[],"class_list":["post-161","post","type-post","status-publish","format-standard","has-post-thumbnail","hentry","category-vorstand"],"_links":{"self":[{"href":"http:\/\/www.schneppendorf-pro-natur.de\/WP\/wp-json\/wp\/v2\/posts\/161","targetHints":{"allow":["GET"]}}],"collection":[{"href":"http:\/\/www.schneppendorf-pro-natur.de\/WP\/wp-json\/wp\/v2\/posts"}],"about":[{"href":"http:\/\/www.schneppendorf-pro-natur.de\/WP\/wp-json\/wp\/v2\/types\/post"}],"author":[{"embeddable":true,"href":"http:\/\/www.schneppendorf-pro-natur.de\/WP\/wp-json\/wp\/v2\/users\/1"}],"replies":[{"embeddable":true,"href":"http:\/\/www.schneppendorf-pro-natur.de\/WP\/wp-json\/wp\/v2\/comments?post=161"}],"version-history":[{"count":1,"href":"http:\/\/www.schneppendorf-pro-natur.de\/WP\/wp-json\/wp\/v2\/posts\/161\/revisions"}],"predecessor-version":[{"id":163,"href":"http:\/\/www.schneppendorf-pro-natur.de\/WP\/wp-json\/wp\/v2\/posts\/161\/revisions\/163"}],"wp:featuredmedia":[{"embeddable":true,"href":"http:\/\/www.schneppendorf-pro-natur.de\/WP\/wp-json\/wp\/v2\/media\/162"}],"wp:attachment":[{"href":"http:\/\/www.schneppendorf-pro-natur.de\/WP\/wp-json\/wp\/v2\/media?parent=161"}],"wp:term":[{"taxonomy":"category","embeddable":true,"href":"http:\/\/www.schneppendorf-pro-natur.de\/WP\/wp-json\/wp\/v2\/categories?post=161"},{"taxonomy":"post_tag","embeddable":true,"href":"http:\/\/www.schneppendorf-pro-natur.de\/WP\/wp-json\/wp\/v2\/tags?post=161"}],"curies":[{"name":"wp","href":"https:\/\/api.w.org\/{rel}","templated":true}]}}