{"id":165,"date":"2023-05-13T19:24:04","date_gmt":"2023-05-13T17:24:04","guid":{"rendered":"https:\/\/www.schneppendorf-pro-natur.de\/WP\/?p=165"},"modified":"2023-06-28T20:31:37","modified_gmt":"2023-06-28T18:31:37","slug":"vorstandssitzung-08-05-2023","status":"publish","type":"post","link":"http:\/\/www.schneppendorf-pro-natur.de\/WP\/2023\/05\/13\/vorstandssitzung-08-05-2023\/","title":{"rendered":"Vorstandssitzung 08.05.2023"},"content":{"rendered":"\n<p>In kleiner Runde (2 Vorstandsmitglieder, 2 G\u00e4ste) fand die Vorstandssitzung im Mai statt. Es gab viel zu besprechen und zu planen. <\/p>\n\n\n\n<p>F\u00fcr den 15.5. haben wir die Eigent\u00fcmer der betroffenen Grundst\u00fccke zu einer Informationsveranstaltung eingeladen. Da mussten noch einige letzte Absprachen getroffen werden. <\/p>\n\n\n\n<p>Wir haben gemeinsam das Treffen mit der Fraktion BfZ ausgewertet. <\/p>\n\n\n\n<p>Gemeinsam mit dem Informationsdienst Umweltrecht und dem Netzwerk Gesteinsbergbau planen wir ein Netzwerktreffen im Juli. Wir sind der Partner vor Ort und damit eng an der Planung beteiligt. <\/p>\n","protected":false},"excerpt":{"rendered":"<p>In kleiner Runde (2 Vorstandsmitglieder, 2 G\u00e4ste) fand die Vorstandssitzung im Mai statt. Es gab viel zu besprechen und zu planen. F\u00fcr den 15.5. haben wir die Eigent\u00fcmer der betroffenen Grundst\u00fccke zu einer Informationsveranstaltung eingeladen. Da mussten noch einige letzte Absprachen getroffen werden. Wir haben gemeinsam das Treffen mit der Fraktion BfZ ausgewertet. Gemeinsam mit [&hellip;]<\/p>\n","protected":false},"author":1,"featured_media":0,"comment_status":"closed","ping_status":"open","sticky":false,"template":"","format":"standard","meta":{"footnotes":""},"categories":[1],"tags":[],"class_list":["post-165","post","type-post","status-publish","format-standard","hentry","category-vorstand"],"_links":{"self":[{"href":"http:\/\/www.schneppendorf-pro-natur.de\/WP\/wp-json\/wp\/v2\/posts\/165","targetHints":{"allow":["GET"]}}],"collection":[{"href":"http:\/\/www.schneppendorf-pro-natur.de\/WP\/wp-json\/wp\/v2\/posts"}],"about":[{"href":"http:\/\/www.schneppendorf-pro-natur.de\/WP\/wp-json\/wp\/v2\/types\/post"}],"author":[{"embeddable":true,"href":"http:\/\/www.schneppendorf-pro-natur.de\/WP\/wp-json\/wp\/v2\/users\/1"}],"replies":[{"embeddable":true,"href":"http:\/\/www.schneppendorf-pro-natur.de\/WP\/wp-json\/wp\/v2\/comments?post=165"}],"version-history":[{"count":1,"href":"http:\/\/www.schneppendorf-pro-natur.de\/WP\/wp-json\/wp\/v2\/posts\/165\/revisions"}],"predecessor-version":[{"id":166,"href":"http:\/\/www.schneppendorf-pro-natur.de\/WP\/wp-json\/wp\/v2\/posts\/165\/revisions\/166"}],"wp:attachment":[{"href":"http:\/\/www.schneppendorf-pro-natur.de\/WP\/wp-json\/wp\/v2\/media?parent=165"}],"wp:term":[{"taxonomy":"category","embeddable":true,"href":"http:\/\/www.schneppendorf-pro-natur.de\/WP\/wp-json\/wp\/v2\/categories?post=165"},{"taxonomy":"post_tag","embeddable":true,"href":"http:\/\/www.schneppendorf-pro-natur.de\/WP\/wp-json\/wp\/v2\/tags?post=165"}],"curies":[{"name":"wp","href":"https:\/\/api.w.org\/{rel}","templated":true}]}}