{"id":167,"date":"2023-05-20T19:34:21","date_gmt":"2023-05-20T17:34:21","guid":{"rendered":"https:\/\/www.schneppendorf-pro-natur.de\/WP\/?p=167"},"modified":"2023-06-28T20:31:33","modified_gmt":"2023-06-28T18:31:33","slug":"informationsveranstaltung-fuer-die-betroffenen-grundstueckseigentuemer","status":"publish","type":"post","link":"http:\/\/www.schneppendorf-pro-natur.de\/WP\/2023\/05\/20\/informationsveranstaltung-fuer-die-betroffenen-grundstueckseigentuemer\/","title":{"rendered":"Informationsveranstaltung f\u00fcr die betroffenen Grundst\u00fcckseigent\u00fcmer"},"content":{"rendered":"\n<p>Am 15.5.2023 hatten wir die vom Kiestagebau Schneppendorf-Nord betroffenen Eigent\u00fcmer eingeladen. Ein Gro\u00dfteil folgte unserer Einladung. <\/p>\n\n\n\n<p>Wir nutzen die Gelegenheit uns als neuer Vorstand nochmal direkt vorzustellen und und haben den aktuellen Stand unserer Arbeit vorgestellt. Ganz Aktuell konnten wir auch von den Beschlussvorlagen f\u00fcr den neuen Regionalplan berichten. Wir nutzten die Gelegenheit um das weitere Verfahren zu erl\u00e4utern und boten unsere Hilfe an. <\/p>\n\n\n\n<figure class=\"wp-block-image size-large\"><img loading=\"lazy\" decoding=\"async\" width=\"1024\" height=\"668\" src=\"https:\/\/www.schneppendorf-pro-natur.de\/WP\/wp-content\/uploads\/2023\/06\/image-1024x668.png\" alt=\"Auszug aus der Beschlussvorlage des Regionalplanungsverband Westsachsen. Es zeigt Schneppendorf und die direkte Umgebung. Die Kiestagebaue Schneppendorf Nord und Schneppendorf S\u00fcd sind nicht eingezeichnet. \nIm S\u00fcdwesten von Schneppendorf befindet sich ein Vorranggebiet f\u00fcr Industrie und Gewerbe und der Tagebau am Kiesweg ist in den Dimensionen eingezeichnet wie ein Abbau m\u00f6glich w\u00e4re. \n\nQuelle: Sitzungsunterlagen Regionalplanungsverband Westsachsen\" class=\"wp-image-168\" srcset=\"http:\/\/www.schneppendorf-pro-natur.de\/WP\/wp-content\/uploads\/2023\/06\/image-1024x668.png 1024w, http:\/\/www.schneppendorf-pro-natur.de\/WP\/wp-content\/uploads\/2023\/06\/image-300x196.png 300w, http:\/\/www.schneppendorf-pro-natur.de\/WP\/wp-content\/uploads\/2023\/06\/image-768x501.png 768w, http:\/\/www.schneppendorf-pro-natur.de\/WP\/wp-content\/uploads\/2023\/06\/image-624x407.png 624w, http:\/\/www.schneppendorf-pro-natur.de\/WP\/wp-content\/uploads\/2023\/06\/image.png 1138w\" sizes=\"auto, (max-width: 1024px) 100vw, 1024px\" \/><\/figure>\n","protected":false},"excerpt":{"rendered":"<p>Am 15.5.2023 hatten wir die vom Kiestagebau Schneppendorf-Nord betroffenen Eigent\u00fcmer eingeladen. Ein Gro\u00dfteil folgte unserer Einladung. Wir nutzen die Gelegenheit uns als neuer Vorstand nochmal direkt vorzustellen und und haben den aktuellen Stand unserer Arbeit vorgestellt. Ganz Aktuell konnten wir auch von den Beschlussvorlagen f\u00fcr den neuen Regionalplan berichten. Wir nutzten die Gelegenheit um das [&hellip;]<\/p>\n","protected":false},"author":1,"featured_media":0,"comment_status":"closed","ping_status":"open","sticky":false,"template":"","format":"standard","meta":{"footnotes":""},"categories":[1],"tags":[],"class_list":["post-167","post","type-post","status-publish","format-standard","hentry","category-vorstand"],"_links":{"self":[{"href":"http:\/\/www.schneppendorf-pro-natur.de\/WP\/wp-json\/wp\/v2\/posts\/167","targetHints":{"allow":["GET"]}}],"collection":[{"href":"http:\/\/www.schneppendorf-pro-natur.de\/WP\/wp-json\/wp\/v2\/posts"}],"about":[{"href":"http:\/\/www.schneppendorf-pro-natur.de\/WP\/wp-json\/wp\/v2\/types\/post"}],"author":[{"embeddable":true,"href":"http:\/\/www.schneppendorf-pro-natur.de\/WP\/wp-json\/wp\/v2\/users\/1"}],"replies":[{"embeddable":true,"href":"http:\/\/www.schneppendorf-pro-natur.de\/WP\/wp-json\/wp\/v2\/comments?post=167"}],"version-history":[{"count":1,"href":"http:\/\/www.schneppendorf-pro-natur.de\/WP\/wp-json\/wp\/v2\/posts\/167\/revisions"}],"predecessor-version":[{"id":169,"href":"http:\/\/www.schneppendorf-pro-natur.de\/WP\/wp-json\/wp\/v2\/posts\/167\/revisions\/169"}],"wp:attachment":[{"href":"http:\/\/www.schneppendorf-pro-natur.de\/WP\/wp-json\/wp\/v2\/media?parent=167"}],"wp:term":[{"taxonomy":"category","embeddable":true,"href":"http:\/\/www.schneppendorf-pro-natur.de\/WP\/wp-json\/wp\/v2\/categories?post=167"},{"taxonomy":"post_tag","embeddable":true,"href":"http:\/\/www.schneppendorf-pro-natur.de\/WP\/wp-json\/wp\/v2\/tags?post=167"}],"curies":[{"name":"wp","href":"https:\/\/api.w.org\/{rel}","templated":true}]}}