{"id":170,"date":"2023-06-19T15:14:00","date_gmt":"2023-06-19T13:14:00","guid":{"rendered":"https:\/\/www.schneppendorf-pro-natur.de\/WP\/?p=170"},"modified":"2023-06-28T20:31:16","modified_gmt":"2023-06-28T18:31:16","slug":"vorstandssitzung-12-06-2023","status":"publish","type":"post","link":"http:\/\/www.schneppendorf-pro-natur.de\/WP\/2023\/06\/19\/vorstandssitzung-12-06-2023\/","title":{"rendered":"Vorstandssitzung 12.06.2023"},"content":{"rendered":"\n<p>Gemeinsam mit 6 G\u00e4sten haben wir einiges zu besprechen gehabt. <\/p>\n\n\n\n<p>Zuerst wurden kurz das Treffen mit den betroffenen Eigent\u00fcmern und der Termin mit Hr. Franke, dem B\u00fcrgermeister der Gemeinde M\u00fclsen zusammengefasst und kurz diskutiert. Gro\u00dfes Thema war der Regionalplan, in der Regionalplanerischen Abw\u00e4gung und Begr\u00fcndung ist 111 mal das Wort &#8222;Schneppendorf&#8220; enthalten, das zeigt wie intensiv das Thema Kiestagebaue um Schneppendorf die Regionalplaner besch\u00e4ftigt hat.  <\/p>\n\n\n\n<p>Dann gab es noch Pl\u00e4ne zu schmieden f\u00fcr weitere Veranstaltungen. Das Netzwerktreffen im Juli, die Mitgliederversammlung (Stand jetzt im August) und den 15. Jahrestag der BI im September. <\/p>\n\n\n\n<figure class=\"wp-block-image size-large\"><img loading=\"lazy\" decoding=\"async\" width=\"1024\" height=\"771\" src=\"https:\/\/www.schneppendorf-pro-natur.de\/WP\/wp-content\/uploads\/2023\/06\/image-1-1024x771.png\" alt=\"\" class=\"wp-image-171\" srcset=\"http:\/\/www.schneppendorf-pro-natur.de\/WP\/wp-content\/uploads\/2023\/06\/image-1-1024x771.png 1024w, http:\/\/www.schneppendorf-pro-natur.de\/WP\/wp-content\/uploads\/2023\/06\/image-1-300x226.png 300w, http:\/\/www.schneppendorf-pro-natur.de\/WP\/wp-content\/uploads\/2023\/06\/image-1-768x578.png 768w, http:\/\/www.schneppendorf-pro-natur.de\/WP\/wp-content\/uploads\/2023\/06\/image-1-624x470.png 624w, http:\/\/www.schneppendorf-pro-natur.de\/WP\/wp-content\/uploads\/2023\/06\/image-1.png 1234w\" sizes=\"auto, (max-width: 1024px) 100vw, 1024px\" \/><\/figure>\n","protected":false},"excerpt":{"rendered":"<p>Gemeinsam mit 6 G\u00e4sten haben wir einiges zu besprechen gehabt. Zuerst wurden kurz das Treffen mit den betroffenen Eigent\u00fcmern und der Termin mit Hr. Franke, dem B\u00fcrgermeister der Gemeinde M\u00fclsen zusammengefasst und kurz diskutiert. Gro\u00dfes Thema war der Regionalplan, in der Regionalplanerischen Abw\u00e4gung und Begr\u00fcndung ist 111 mal das Wort &#8222;Schneppendorf&#8220; enthalten, das zeigt wie [&hellip;]<\/p>\n","protected":false},"author":1,"featured_media":0,"comment_status":"closed","ping_status":"open","sticky":false,"template":"","format":"standard","meta":{"footnotes":""},"categories":[1],"tags":[],"class_list":["post-170","post","type-post","status-publish","format-standard","hentry","category-vorstand"],"_links":{"self":[{"href":"http:\/\/www.schneppendorf-pro-natur.de\/WP\/wp-json\/wp\/v2\/posts\/170","targetHints":{"allow":["GET"]}}],"collection":[{"href":"http:\/\/www.schneppendorf-pro-natur.de\/WP\/wp-json\/wp\/v2\/posts"}],"about":[{"href":"http:\/\/www.schneppendorf-pro-natur.de\/WP\/wp-json\/wp\/v2\/types\/post"}],"author":[{"embeddable":true,"href":"http:\/\/www.schneppendorf-pro-natur.de\/WP\/wp-json\/wp\/v2\/users\/1"}],"replies":[{"embeddable":true,"href":"http:\/\/www.schneppendorf-pro-natur.de\/WP\/wp-json\/wp\/v2\/comments?post=170"}],"version-history":[{"count":1,"href":"http:\/\/www.schneppendorf-pro-natur.de\/WP\/wp-json\/wp\/v2\/posts\/170\/revisions"}],"predecessor-version":[{"id":172,"href":"http:\/\/www.schneppendorf-pro-natur.de\/WP\/wp-json\/wp\/v2\/posts\/170\/revisions\/172"}],"wp:attachment":[{"href":"http:\/\/www.schneppendorf-pro-natur.de\/WP\/wp-json\/wp\/v2\/media?parent=170"}],"wp:term":[{"taxonomy":"category","embeddable":true,"href":"http:\/\/www.schneppendorf-pro-natur.de\/WP\/wp-json\/wp\/v2\/categories?post=170"},{"taxonomy":"post_tag","embeddable":true,"href":"http:\/\/www.schneppendorf-pro-natur.de\/WP\/wp-json\/wp\/v2\/tags?post=170"}],"curies":[{"name":"wp","href":"https:\/\/api.w.org\/{rel}","templated":true}]}}