{"id":180,"date":"2023-06-08T20:26:50","date_gmt":"2023-06-08T18:26:50","guid":{"rendered":"https:\/\/www.schneppendorf-pro-natur.de\/WP\/?p=180"},"modified":"2023-06-28T20:31:29","modified_gmt":"2023-06-28T18:31:29","slug":"termin-buergermeister-gemeinde-muelsen","status":"publish","type":"post","link":"http:\/\/www.schneppendorf-pro-natur.de\/WP\/2023\/06\/08\/termin-buergermeister-gemeinde-muelsen\/","title":{"rendered":"Termin B\u00fcrgermeister Gemeinde M\u00fclsen"},"content":{"rendered":"\n<p>Am 30.5. haben wir uns mit Herrn Franke, dem B\u00fcrgermeister der Gemeinde M\u00fclsen getroffen um uns abzustimmen. Der geplante Kiestagebau wir auch auf die Gemeinde M\u00fclsen Auswirkungen haben, sie positioniert sich klar gegen den Kiesabbau. Auch der Entwurf des Regionalplans und die Abw\u00e4gungen des Planungsverbands waren Thema bei dem Treffen. <\/p>\n","protected":false},"excerpt":{"rendered":"<p>Am 30.5. haben wir uns mit Herrn Franke, dem B\u00fcrgermeister der Gemeinde M\u00fclsen getroffen um uns abzustimmen. Der geplante Kiestagebau wir auch auf die Gemeinde M\u00fclsen Auswirkungen haben, sie positioniert sich klar gegen den Kiesabbau. Auch der Entwurf des Regionalplans und die Abw\u00e4gungen des Planungsverbands waren Thema bei dem Treffen.<\/p>\n","protected":false},"author":1,"featured_media":0,"comment_status":"closed","ping_status":"open","sticky":false,"template":"","format":"standard","meta":{"footnotes":""},"categories":[1],"tags":[],"class_list":["post-180","post","type-post","status-publish","format-standard","hentry","category-vorstand"],"_links":{"self":[{"href":"http:\/\/www.schneppendorf-pro-natur.de\/WP\/wp-json\/wp\/v2\/posts\/180","targetHints":{"allow":["GET"]}}],"collection":[{"href":"http:\/\/www.schneppendorf-pro-natur.de\/WP\/wp-json\/wp\/v2\/posts"}],"about":[{"href":"http:\/\/www.schneppendorf-pro-natur.de\/WP\/wp-json\/wp\/v2\/types\/post"}],"author":[{"embeddable":true,"href":"http:\/\/www.schneppendorf-pro-natur.de\/WP\/wp-json\/wp\/v2\/users\/1"}],"replies":[{"embeddable":true,"href":"http:\/\/www.schneppendorf-pro-natur.de\/WP\/wp-json\/wp\/v2\/comments?post=180"}],"version-history":[{"count":1,"href":"http:\/\/www.schneppendorf-pro-natur.de\/WP\/wp-json\/wp\/v2\/posts\/180\/revisions"}],"predecessor-version":[{"id":181,"href":"http:\/\/www.schneppendorf-pro-natur.de\/WP\/wp-json\/wp\/v2\/posts\/180\/revisions\/181"}],"wp:attachment":[{"href":"http:\/\/www.schneppendorf-pro-natur.de\/WP\/wp-json\/wp\/v2\/media?parent=180"}],"wp:term":[{"taxonomy":"category","embeddable":true,"href":"http:\/\/www.schneppendorf-pro-natur.de\/WP\/wp-json\/wp\/v2\/categories?post=180"},{"taxonomy":"post_tag","embeddable":true,"href":"http:\/\/www.schneppendorf-pro-natur.de\/WP\/wp-json\/wp\/v2\/tags?post=180"}],"curies":[{"name":"wp","href":"https:\/\/api.w.org\/{rel}","templated":true}]}}