{"id":195,"date":"2023-08-21T13:34:15","date_gmt":"2023-08-21T11:34:15","guid":{"rendered":"https:\/\/www.schneppendorf-pro-natur.de\/WP\/?p=195"},"modified":"2023-08-23T13:40:28","modified_gmt":"2023-08-23T11:40:28","slug":"vorstandssitzung-14-8","status":"publish","type":"post","link":"http:\/\/www.schneppendorf-pro-natur.de\/WP\/2023\/08\/21\/vorstandssitzung-14-8\/","title":{"rendered":"Vorstandssitzung 14.8."},"content":{"rendered":"\n<p>Thema der heutigen Vorstandssitzung war nat\u00fcrlich das Planfeststellungsverfahren. 5 G\u00e4ste konnten wir begr\u00fc\u00dfen. Wir haben besprochen wie wir jetzt vorgehen wollen, wen wir kontaktieren und wie oft wir uns jetzt treffen. Au\u00dferdem mussten wir noch unsere Mitgliederversammlung und den BI Geburtstag planen. <\/p>\n","protected":false},"excerpt":{"rendered":"<p>Thema der heutigen Vorstandssitzung war nat\u00fcrlich das Planfeststellungsverfahren. 5 G\u00e4ste konnten wir begr\u00fc\u00dfen. Wir haben besprochen wie wir jetzt vorgehen wollen, wen wir kontaktieren und wie oft wir uns jetzt treffen. Au\u00dferdem mussten wir noch unsere Mitgliederversammlung und den BI Geburtstag planen.<\/p>\n","protected":false},"author":1,"featured_media":0,"comment_status":"open","ping_status":"open","sticky":false,"template":"","format":"standard","meta":{"footnotes":""},"categories":[1],"tags":[],"class_list":["post-195","post","type-post","status-publish","format-standard","hentry","category-vorstand"],"_links":{"self":[{"href":"http:\/\/www.schneppendorf-pro-natur.de\/WP\/wp-json\/wp\/v2\/posts\/195","targetHints":{"allow":["GET"]}}],"collection":[{"href":"http:\/\/www.schneppendorf-pro-natur.de\/WP\/wp-json\/wp\/v2\/posts"}],"about":[{"href":"http:\/\/www.schneppendorf-pro-natur.de\/WP\/wp-json\/wp\/v2\/types\/post"}],"author":[{"embeddable":true,"href":"http:\/\/www.schneppendorf-pro-natur.de\/WP\/wp-json\/wp\/v2\/users\/1"}],"replies":[{"embeddable":true,"href":"http:\/\/www.schneppendorf-pro-natur.de\/WP\/wp-json\/wp\/v2\/comments?post=195"}],"version-history":[{"count":1,"href":"http:\/\/www.schneppendorf-pro-natur.de\/WP\/wp-json\/wp\/v2\/posts\/195\/revisions"}],"predecessor-version":[{"id":196,"href":"http:\/\/www.schneppendorf-pro-natur.de\/WP\/wp-json\/wp\/v2\/posts\/195\/revisions\/196"}],"wp:attachment":[{"href":"http:\/\/www.schneppendorf-pro-natur.de\/WP\/wp-json\/wp\/v2\/media?parent=195"}],"wp:term":[{"taxonomy":"category","embeddable":true,"href":"http:\/\/www.schneppendorf-pro-natur.de\/WP\/wp-json\/wp\/v2\/categories?post=195"},{"taxonomy":"post_tag","embeddable":true,"href":"http:\/\/www.schneppendorf-pro-natur.de\/WP\/wp-json\/wp\/v2\/tags?post=195"}],"curies":[{"name":"wp","href":"https:\/\/api.w.org\/{rel}","templated":true}]}}