{"id":216,"date":"2023-10-15T12:05:21","date_gmt":"2023-10-15T10:05:21","guid":{"rendered":"https:\/\/www.schneppendorf-pro-natur.de\/WP\/?p=216"},"modified":"2023-10-30T12:05:58","modified_gmt":"2023-10-30T11:05:58","slug":"ende-der-einwendungsfrist","status":"publish","type":"post","link":"http:\/\/www.schneppendorf-pro-natur.de\/WP\/2023\/10\/15\/ende-der-einwendungsfrist\/","title":{"rendered":"Ende der Einwendungsfrist"},"content":{"rendered":"\n<p>Am 12. Oktober 2023 endete die Frist f\u00fcr Einwendungen im Rahmen des Planfeststellungsverfahrens. Wir konnten zahlreichen Personen dabei unterst\u00fctzen, ihre Einwendungen zu verfassen. Dar\u00fcber hinaus konnten wir eine Sammeleinwendung mit \u00fcber 100 Unterschriften an die Stadtverwaltung Zwickau \u00fcberreichen.<\/p>\n\n\n\n<p>W\u00e4hrend der \u00dcbergabe der Unterlagen wurden wir von der Freien Presse begleitet.<\/p>\n\n\n\n<p><a href=\"https:\/\/www.freiepresse.de\/zwickau\/zwickau\/umschlaege-mit-sprengkraft-buergerinitiative-schneppendorf-listet-argumente-gegen-kiesabbau-auf-artikel13087654\">Umschl\u00e4ge mit Sprengkraft: B\u00fcrgerinitiative Schneppendorf listet Argumente gegen Kiesabbau auf (freiepresse.de)<\/a> <\/p>\n","protected":false},"excerpt":{"rendered":"<p>Am 12. Oktober 2023 endete die Frist f\u00fcr Einwendungen im Rahmen des Planfeststellungsverfahrens. Wir konnten zahlreichen Personen dabei unterst\u00fctzen, ihre Einwendungen zu verfassen. Dar\u00fcber hinaus konnten wir eine Sammeleinwendung mit \u00fcber 100 Unterschriften an die Stadtverwaltung Zwickau \u00fcberreichen. W\u00e4hrend der \u00dcbergabe der Unterlagen wurden wir von der Freien Presse begleitet. Umschl\u00e4ge mit Sprengkraft: B\u00fcrgerinitiative Schneppendorf [&hellip;]<\/p>\n","protected":false},"author":1,"featured_media":0,"comment_status":"closed","ping_status":"closed","sticky":false,"template":"","format":"standard","meta":{"footnotes":""},"categories":[1],"tags":[],"class_list":["post-216","post","type-post","status-publish","format-standard","hentry","category-vorstand"],"_links":{"self":[{"href":"http:\/\/www.schneppendorf-pro-natur.de\/WP\/wp-json\/wp\/v2\/posts\/216","targetHints":{"allow":["GET"]}}],"collection":[{"href":"http:\/\/www.schneppendorf-pro-natur.de\/WP\/wp-json\/wp\/v2\/posts"}],"about":[{"href":"http:\/\/www.schneppendorf-pro-natur.de\/WP\/wp-json\/wp\/v2\/types\/post"}],"author":[{"embeddable":true,"href":"http:\/\/www.schneppendorf-pro-natur.de\/WP\/wp-json\/wp\/v2\/users\/1"}],"replies":[{"embeddable":true,"href":"http:\/\/www.schneppendorf-pro-natur.de\/WP\/wp-json\/wp\/v2\/comments?post=216"}],"version-history":[{"count":1,"href":"http:\/\/www.schneppendorf-pro-natur.de\/WP\/wp-json\/wp\/v2\/posts\/216\/revisions"}],"predecessor-version":[{"id":218,"href":"http:\/\/www.schneppendorf-pro-natur.de\/WP\/wp-json\/wp\/v2\/posts\/216\/revisions\/218"}],"wp:attachment":[{"href":"http:\/\/www.schneppendorf-pro-natur.de\/WP\/wp-json\/wp\/v2\/media?parent=216"}],"wp:term":[{"taxonomy":"category","embeddable":true,"href":"http:\/\/www.schneppendorf-pro-natur.de\/WP\/wp-json\/wp\/v2\/categories?post=216"},{"taxonomy":"post_tag","embeddable":true,"href":"http:\/\/www.schneppendorf-pro-natur.de\/WP\/wp-json\/wp\/v2\/tags?post=216"}],"curies":[{"name":"wp","href":"https:\/\/api.w.org\/{rel}","templated":true}]}}