{"id":223,"date":"2023-09-12T12:44:04","date_gmt":"2023-09-12T10:44:04","guid":{"rendered":"https:\/\/www.schneppendorf-pro-natur.de\/WP\/?p=223"},"modified":"2023-10-30T12:57:19","modified_gmt":"2023-10-30T11:57:19","slug":"11-09-2023-vorstandssitzung-und-aktuelle-entwicklungen","status":"publish","type":"post","link":"http:\/\/www.schneppendorf-pro-natur.de\/WP\/2023\/09\/12\/11-09-2023-vorstandssitzung-und-aktuelle-entwicklungen\/","title":{"rendered":"11.09.2023 Vorstandssitzung und Aktuelle Entwicklungen"},"content":{"rendered":"\n<p>Am 11. September fand unsere Vorstandssitzung statt, in der wir zun\u00e4chst die Ergebnisse unseres BI-Geburtstags reflektiert haben. Alle Beteiligten waren mit der Veranstaltung \u00e4u\u00dferst zufrieden, weshalb wir beschlossen haben, sie erneut abzuhalten.<\/p>\n\n\n\n<p>Anschlie\u00dfend widmeten wir uns einem brisanten aktuellen Thema: dem Planfeststellungsverfahren. In den vergangenen Wochen haben wir intensiv die zur Verf\u00fcgung stehenden Unterlagen studiert, unsere Argumente ausgearbeitet und sortiert. Diese Arbeit f\u00fchrte bereits zu einem umfangreichen Dokument, das jedoch noch nicht abgeschlossen ist.<\/p>\n\n\n\n<p>Bei der Erstellung unserer Einwendungen richten wir uns nach den Schutzg\u00fctern, darunter die menschliche Gesundheit sowie Tiere, Pflanzen, biologische Vielfalt, Fl\u00e4che, Boden, Wasser, Luft, Klima, Landschaft, kulturelles Erbe und sonstige Sachg\u00fcter. Um uns in diesem Prozess zu unterst\u00fctzen, haben wir uns aus verschiedenen Quellen fachliche Expertise eingeholt.<\/p>\n\n\n\n<p>In den kommenden Wochen werden wir B\u00fcrgersprechstunden abhalten, bei denen wir mit mehreren Personen vor Ort sein werden, um die B\u00fcrgerinnen und B\u00fcrger bei der Erstellung ihrer Einwendungen zu unterst\u00fctzen.<\/p>\n","protected":false},"excerpt":{"rendered":"<p>Am 11. September fand unsere Vorstandssitzung statt, in der wir zun\u00e4chst die Ergebnisse unseres BI-Geburtstags reflektiert haben. Alle Beteiligten waren mit der Veranstaltung \u00e4u\u00dferst zufrieden, weshalb wir beschlossen haben, sie erneut abzuhalten. Anschlie\u00dfend widmeten wir uns einem brisanten aktuellen Thema: dem Planfeststellungsverfahren. In den vergangenen Wochen haben wir intensiv die zur Verf\u00fcgung stehenden Unterlagen studiert, [&hellip;]<\/p>\n","protected":false},"author":1,"featured_media":202,"comment_status":"open","ping_status":"open","sticky":false,"template":"","format":"standard","meta":{"footnotes":""},"categories":[1],"tags":[],"class_list":["post-223","post","type-post","status-publish","format-standard","has-post-thumbnail","hentry","category-vorstand"],"_links":{"self":[{"href":"http:\/\/www.schneppendorf-pro-natur.de\/WP\/wp-json\/wp\/v2\/posts\/223","targetHints":{"allow":["GET"]}}],"collection":[{"href":"http:\/\/www.schneppendorf-pro-natur.de\/WP\/wp-json\/wp\/v2\/posts"}],"about":[{"href":"http:\/\/www.schneppendorf-pro-natur.de\/WP\/wp-json\/wp\/v2\/types\/post"}],"author":[{"embeddable":true,"href":"http:\/\/www.schneppendorf-pro-natur.de\/WP\/wp-json\/wp\/v2\/users\/1"}],"replies":[{"embeddable":true,"href":"http:\/\/www.schneppendorf-pro-natur.de\/WP\/wp-json\/wp\/v2\/comments?post=223"}],"version-history":[{"count":1,"href":"http:\/\/www.schneppendorf-pro-natur.de\/WP\/wp-json\/wp\/v2\/posts\/223\/revisions"}],"predecessor-version":[{"id":224,"href":"http:\/\/www.schneppendorf-pro-natur.de\/WP\/wp-json\/wp\/v2\/posts\/223\/revisions\/224"}],"wp:featuredmedia":[{"embeddable":true,"href":"http:\/\/www.schneppendorf-pro-natur.de\/WP\/wp-json\/wp\/v2\/media\/202"}],"wp:attachment":[{"href":"http:\/\/www.schneppendorf-pro-natur.de\/WP\/wp-json\/wp\/v2\/media?parent=223"}],"wp:term":[{"taxonomy":"category","embeddable":true,"href":"http:\/\/www.schneppendorf-pro-natur.de\/WP\/wp-json\/wp\/v2\/categories?post=223"},{"taxonomy":"post_tag","embeddable":true,"href":"http:\/\/www.schneppendorf-pro-natur.de\/WP\/wp-json\/wp\/v2\/tags?post=223"}],"curies":[{"name":"wp","href":"https:\/\/api.w.org\/{rel}","templated":true}]}}