{"id":279,"date":"2024-06-01T13:45:44","date_gmt":"2024-06-01T11:45:44","guid":{"rendered":"https:\/\/www.schneppendorf-pro-natur.de\/WP\/?p=279"},"modified":"2024-09-15T10:23:55","modified_gmt":"2024-09-15T08:23:55","slug":"resuemee-der-wanderung","status":"publish","type":"post","link":"http:\/\/www.schneppendorf-pro-natur.de\/WP\/2024\/06\/01\/resuemee-der-wanderung\/","title":{"rendered":"Res\u00fcmee der Wanderung"},"content":{"rendered":"\n<p>Bei tollem Wetter machten wir uns auf den Weg in Richtung Birkengrundbach und T\u00e4nnigt. Ausgestattet mit Ferngl\u00e4sern, Becherlupen, einem Bestimmungsbuch und Bestimmungs-Apps auf unseren Handys nahmen wir uns die Zeit, unsere Flora und Fauna zu beobachten. Es war wirklich spannend. Wir entdeckten Wasserl\u00e4ufer, Spinnen, die ihre Kokons mit sich tragen, verschiedene Falter, K\u00e4fer und Schnecken. Wir liefen durch einen Wald aus Farn und Schachtelhalm, entlang des Feldrandes und kurz auch quer durch den Wald.<\/p>\n\n\n\n<figure class=\"wp-block-image size-medium\"><img loading=\"lazy\" decoding=\"async\" width=\"226\" height=\"300\" src=\"https:\/\/www.schneppendorf-pro-natur.de\/WP\/wp-content\/uploads\/2024\/06\/WhatsApp-Bild-2024-05-25-um-13.11.48_54b612a2-226x300.jpg\" alt=\"\" class=\"wp-image-282\" srcset=\"http:\/\/www.schneppendorf-pro-natur.de\/WP\/wp-content\/uploads\/2024\/06\/WhatsApp-Bild-2024-05-25-um-13.11.48_54b612a2-226x300.jpg 226w, http:\/\/www.schneppendorf-pro-natur.de\/WP\/wp-content\/uploads\/2024\/06\/WhatsApp-Bild-2024-05-25-um-13.11.48_54b612a2-771x1024.jpg 771w, http:\/\/www.schneppendorf-pro-natur.de\/WP\/wp-content\/uploads\/2024\/06\/WhatsApp-Bild-2024-05-25-um-13.11.48_54b612a2-768x1020.jpg 768w, http:\/\/www.schneppendorf-pro-natur.de\/WP\/wp-content\/uploads\/2024\/06\/WhatsApp-Bild-2024-05-25-um-13.11.48_54b612a2-1157x1536.jpg 1157w, http:\/\/www.schneppendorf-pro-natur.de\/WP\/wp-content\/uploads\/2024\/06\/WhatsApp-Bild-2024-05-25-um-13.11.48_54b612a2-624x829.jpg 624w, http:\/\/www.schneppendorf-pro-natur.de\/WP\/wp-content\/uploads\/2024\/06\/WhatsApp-Bild-2024-05-25-um-13.11.48_54b612a2.jpg 1536w\" sizes=\"auto, (max-width: 226px) 100vw, 226px\" \/><\/figure>\n\n\n\n<p>Ein Highlight f\u00fcr viele war die K\u00fcrbisspinne, die wir uns mit der Becherlupe genau anschauen konnten. <\/p>\n\n\n\n<figure class=\"wp-block-image size-medium\"><img loading=\"lazy\" decoding=\"async\" width=\"225\" height=\"300\" src=\"https:\/\/www.schneppendorf-pro-natur.de\/WP\/wp-content\/uploads\/2024\/06\/WhatsApp-Bild-2024-05-25-um-12.30.43_43753afc-225x300.jpg\" alt=\"\" class=\"wp-image-281\" srcset=\"http:\/\/www.schneppendorf-pro-natur.de\/WP\/wp-content\/uploads\/2024\/06\/WhatsApp-Bild-2024-05-25-um-12.30.43_43753afc-225x300.jpg 225w, http:\/\/www.schneppendorf-pro-natur.de\/WP\/wp-content\/uploads\/2024\/06\/WhatsApp-Bild-2024-05-25-um-12.30.43_43753afc-768x1024.jpg 768w, http:\/\/www.schneppendorf-pro-natur.de\/WP\/wp-content\/uploads\/2024\/06\/WhatsApp-Bild-2024-05-25-um-12.30.43_43753afc-1152x1536.jpg 1152w, http:\/\/www.schneppendorf-pro-natur.de\/WP\/wp-content\/uploads\/2024\/06\/WhatsApp-Bild-2024-05-25-um-12.30.43_43753afc-624x832.jpg 624w, http:\/\/www.schneppendorf-pro-natur.de\/WP\/wp-content\/uploads\/2024\/06\/WhatsApp-Bild-2024-05-25-um-12.30.43_43753afc.jpg 1200w\" sizes=\"auto, (max-width: 225px) 100vw, 225px\" \/><\/figure>\n\n\n\n<p>Wir beobachteten einen Milan und einen Falken bei der Jagd. Die Fliege in der Becherlupe war ebenfalls faszinierend, und bei den Marienk\u00e4fern mussten immer die Punkte gez\u00e4hlt werden.<\/p>\n\n\n\n<figure class=\"wp-block-image size-medium\"><img loading=\"lazy\" decoding=\"async\" width=\"228\" height=\"300\" src=\"https:\/\/www.schneppendorf-pro-natur.de\/WP\/wp-content\/uploads\/2024\/06\/WhatsApp-Bild-2024-05-25-um-12.30.42_ed2d8bee-228x300.jpg\" alt=\"\" class=\"wp-image-280\" srcset=\"http:\/\/www.schneppendorf-pro-natur.de\/WP\/wp-content\/uploads\/2024\/06\/WhatsApp-Bild-2024-05-25-um-12.30.42_ed2d8bee-228x300.jpg 228w, http:\/\/www.schneppendorf-pro-natur.de\/WP\/wp-content\/uploads\/2024\/06\/WhatsApp-Bild-2024-05-25-um-12.30.42_ed2d8bee-777x1024.jpg 777w, http:\/\/www.schneppendorf-pro-natur.de\/WP\/wp-content\/uploads\/2024\/06\/WhatsApp-Bild-2024-05-25-um-12.30.42_ed2d8bee-768x1012.jpg 768w, http:\/\/www.schneppendorf-pro-natur.de\/WP\/wp-content\/uploads\/2024\/06\/WhatsApp-Bild-2024-05-25-um-12.30.42_ed2d8bee-1165x1536.jpg 1165w, http:\/\/www.schneppendorf-pro-natur.de\/WP\/wp-content\/uploads\/2024\/06\/WhatsApp-Bild-2024-05-25-um-12.30.42_ed2d8bee-624x822.jpg 624w, http:\/\/www.schneppendorf-pro-natur.de\/WP\/wp-content\/uploads\/2024\/06\/WhatsApp-Bild-2024-05-25-um-12.30.42_ed2d8bee.jpg 1214w\" sizes=\"auto, (max-width: 228px) 100vw, 228px\" \/><\/figure>\n\n\n\n<p>Zum Abschluss gab es noch einen gemeinsamen s\u00fc\u00dfen Fr\u00fchschoppen auf der Wiese. Es war wirklich sch\u00f6n.<\/p>\n\n\n\n<figure class=\"wp-block-video\"><video height=\"1080\" style=\"aspect-ratio: 1080 \/ 1080;\" width=\"1080\" controls src=\"https:\/\/www.schneppendorf-pro-natur.de\/WP\/wp-content\/uploads\/2024\/06\/2024_05_Video_Wanderung.mp4\"><\/video><\/figure>\n\n\n\n<p><strong>Korrektur zum Video:<\/strong><\/p>\n\n\n\n<p>Das bei Sekunde 5 gezeigte Insekt ist NICHT wie im Video dargestellt die Hausmutter. Es handelt sich um den <strong>De Geers Langhornfalter, <\/strong>auch<strong> Gelbband-Langhornmotte<\/strong> genannt<strong> <em>(Nemophora degeerella)<\/em><\/strong>. Danke f\u00fcr den Hinweis. <\/p>\n","protected":false},"excerpt":{"rendered":"<p>Bei tollem Wetter machten wir uns auf den Weg in Richtung Birkengrundbach und T\u00e4nnigt. Ausgestattet mit Ferngl\u00e4sern, Becherlupen, einem Bestimmungsbuch und Bestimmungs-Apps auf unseren Handys nahmen wir uns die Zeit, unsere Flora und Fauna zu beobachten. Es war wirklich spannend. Wir entdeckten Wasserl\u00e4ufer, Spinnen, die ihre Kokons mit sich tragen, verschiedene Falter, K\u00e4fer und Schnecken. [&hellip;]<\/p>\n","protected":false},"author":1,"featured_media":0,"comment_status":"closed","ping_status":"closed","sticky":false,"template":"","format":"standard","meta":{"footnotes":""},"categories":[1],"tags":[],"class_list":["post-279","post","type-post","status-publish","format-standard","hentry","category-vorstand"],"_links":{"self":[{"href":"http:\/\/www.schneppendorf-pro-natur.de\/WP\/wp-json\/wp\/v2\/posts\/279","targetHints":{"allow":["GET"]}}],"collection":[{"href":"http:\/\/www.schneppendorf-pro-natur.de\/WP\/wp-json\/wp\/v2\/posts"}],"about":[{"href":"http:\/\/www.schneppendorf-pro-natur.de\/WP\/wp-json\/wp\/v2\/types\/post"}],"author":[{"embeddable":true,"href":"http:\/\/www.schneppendorf-pro-natur.de\/WP\/wp-json\/wp\/v2\/users\/1"}],"replies":[{"embeddable":true,"href":"http:\/\/www.schneppendorf-pro-natur.de\/WP\/wp-json\/wp\/v2\/comments?post=279"}],"version-history":[{"count":3,"href":"http:\/\/www.schneppendorf-pro-natur.de\/WP\/wp-json\/wp\/v2\/posts\/279\/revisions"}],"predecessor-version":[{"id":341,"href":"http:\/\/www.schneppendorf-pro-natur.de\/WP\/wp-json\/wp\/v2\/posts\/279\/revisions\/341"}],"wp:attachment":[{"href":"http:\/\/www.schneppendorf-pro-natur.de\/WP\/wp-json\/wp\/v2\/media?parent=279"}],"wp:term":[{"taxonomy":"category","embeddable":true,"href":"http:\/\/www.schneppendorf-pro-natur.de\/WP\/wp-json\/wp\/v2\/categories?post=279"},{"taxonomy":"post_tag","embeddable":true,"href":"http:\/\/www.schneppendorf-pro-natur.de\/WP\/wp-json\/wp\/v2\/tags?post=279"}],"curies":[{"name":"wp","href":"https:\/\/api.w.org\/{rel}","templated":true}]}}