{"id":347,"date":"2024-12-01T13:56:00","date_gmt":"2024-12-01T12:56:00","guid":{"rendered":"https:\/\/www.schneppendorf-pro-natur.de\/WP\/?p=347"},"modified":"2024-12-15T13:59:19","modified_gmt":"2024-12-15T12:59:19","slug":"weihnachtstraktor","status":"publish","type":"post","link":"http:\/\/www.schneppendorf-pro-natur.de\/WP\/2024\/12\/01\/weihnachtstraktor\/","title":{"rendered":"Weihnachtstraktor"},"content":{"rendered":"\n<p><strong>Der Weihnachtstraktor f\u00e4hrt wieder durch Schneppendorf. Wir setzen die Tradition fort: Am 3. Advent f\u00e4hrt der festlich geschm\u00fcckte Weihnachtstraktor ab 16 Uhr durch Schneppendorf, mit einem Abstecher \u00fcber den Schnepfenberg. Der Traktor f\u00e4hrt das Dorf hoch, also vom Ortseingangsschild bei Crossen bis zum Graurock.<\/strong><\/p>\n\n\n\n<p><strong>Kinder entlang der Strecke erhalten kleine Geschenke von Weihnachtsengeln und Wichteln. Neu dieses Jahr: Es gibt Gl\u00fchwein f\u00fcr die Erwachsenen, gegen eine kleine Spende in die Vereinskasse.<\/strong><\/p>\n\n\n\n<figure class=\"wp-block-image size-large\"><img loading=\"lazy\" decoding=\"async\" width=\"724\" height=\"1024\" src=\"https:\/\/www.schneppendorf-pro-natur.de\/WP\/wp-content\/uploads\/2024\/12\/Weihnachtstraktor-724x1024.jpg\" alt=\"\" class=\"wp-image-348\" srcset=\"http:\/\/www.schneppendorf-pro-natur.de\/WP\/wp-content\/uploads\/2024\/12\/Weihnachtstraktor-724x1024.jpg 724w, http:\/\/www.schneppendorf-pro-natur.de\/WP\/wp-content\/uploads\/2024\/12\/Weihnachtstraktor-212x300.jpg 212w, http:\/\/www.schneppendorf-pro-natur.de\/WP\/wp-content\/uploads\/2024\/12\/Weihnachtstraktor-768x1086.jpg 768w, http:\/\/www.schneppendorf-pro-natur.de\/WP\/wp-content\/uploads\/2024\/12\/Weihnachtstraktor-1086x1536.jpg 1086w, http:\/\/www.schneppendorf-pro-natur.de\/WP\/wp-content\/uploads\/2024\/12\/Weihnachtstraktor-1448x2048.jpg 1448w, http:\/\/www.schneppendorf-pro-natur.de\/WP\/wp-content\/uploads\/2024\/12\/Weihnachtstraktor-624x883.jpg 624w, http:\/\/www.schneppendorf-pro-natur.de\/WP\/wp-content\/uploads\/2024\/12\/Weihnachtstraktor.jpg 1587w\" sizes=\"auto, (max-width: 724px) 100vw, 724px\" \/><\/figure>\n","protected":false},"excerpt":{"rendered":"<p>Der Weihnachtstraktor f\u00e4hrt wieder durch Schneppendorf. Wir setzen die Tradition fort: Am 3. Advent f\u00e4hrt der festlich geschm\u00fcckte Weihnachtstraktor ab 16 Uhr durch Schneppendorf, mit einem Abstecher \u00fcber den Schnepfenberg. Der Traktor f\u00e4hrt das Dorf hoch, also vom Ortseingangsschild bei Crossen bis zum Graurock. Kinder entlang der Strecke erhalten kleine Geschenke von Weihnachtsengeln und Wichteln. [&hellip;]<\/p>\n","protected":false},"author":1,"featured_media":0,"comment_status":"closed","ping_status":"open","sticky":false,"template":"","format":"standard","meta":{"footnotes":""},"categories":[1],"tags":[9],"class_list":["post-347","post","type-post","status-publish","format-standard","hentry","category-vorstand","tag-veranstaltung"],"_links":{"self":[{"href":"http:\/\/www.schneppendorf-pro-natur.de\/WP\/wp-json\/wp\/v2\/posts\/347","targetHints":{"allow":["GET"]}}],"collection":[{"href":"http:\/\/www.schneppendorf-pro-natur.de\/WP\/wp-json\/wp\/v2\/posts"}],"about":[{"href":"http:\/\/www.schneppendorf-pro-natur.de\/WP\/wp-json\/wp\/v2\/types\/post"}],"author":[{"embeddable":true,"href":"http:\/\/www.schneppendorf-pro-natur.de\/WP\/wp-json\/wp\/v2\/users\/1"}],"replies":[{"embeddable":true,"href":"http:\/\/www.schneppendorf-pro-natur.de\/WP\/wp-json\/wp\/v2\/comments?post=347"}],"version-history":[{"count":1,"href":"http:\/\/www.schneppendorf-pro-natur.de\/WP\/wp-json\/wp\/v2\/posts\/347\/revisions"}],"predecessor-version":[{"id":349,"href":"http:\/\/www.schneppendorf-pro-natur.de\/WP\/wp-json\/wp\/v2\/posts\/347\/revisions\/349"}],"wp:attachment":[{"href":"http:\/\/www.schneppendorf-pro-natur.de\/WP\/wp-json\/wp\/v2\/media?parent=347"}],"wp:term":[{"taxonomy":"category","embeddable":true,"href":"http:\/\/www.schneppendorf-pro-natur.de\/WP\/wp-json\/wp\/v2\/categories?post=347"},{"taxonomy":"post_tag","embeddable":true,"href":"http:\/\/www.schneppendorf-pro-natur.de\/WP\/wp-json\/wp\/v2\/tags?post=347"}],"curies":[{"name":"wp","href":"https:\/\/api.w.org\/{rel}","templated":true}]}}