{"id":350,"date":"2024-11-15T13:59:00","date_gmt":"2024-11-15T12:59:00","guid":{"rendered":"https:\/\/www.schneppendorf-pro-natur.de\/WP\/?p=350"},"modified":"2024-12-15T14:06:23","modified_gmt":"2024-12-15T13:06:23","slug":"rueckblick-auf-die-oeffentliche-vorstandssitzung-vom-14-november-2024","status":"publish","type":"post","link":"http:\/\/www.schneppendorf-pro-natur.de\/WP\/2024\/11\/15\/rueckblick-auf-die-oeffentliche-vorstandssitzung-vom-14-november-2024\/","title":{"rendered":"R\u00fcckblick auf die \u00f6ffentliche Vorstandssitzung vom 14. November 2024"},"content":{"rendered":"\n<p>Am vergangenen Donnerstag fand die \u00f6ffentliche Vorstandssitzung der BI Pro Natur  in Schneppendorf statt. Alle Vorstandsmitglieder sowie f\u00fcnf G\u00e4ste nahmen teil.<\/p>\n\n\n\n<p>Die Sitzung diente der Beratung \u00fcber organisatorische Themen, bevorstehende Veranstaltungen und strategische Fragen. Im Mittelpunkt stand die Vorbereitung des <strong>Weihnachtstraktors 2024<\/strong>, der am 15. Dezember stattfinden wird. Dar\u00fcber hinaus wurden erste Ideen f\u00fcr das Veranstaltungsjahr 2025 besprochen, darunter Umweltbildungsprojekte, ein Apfeltag im Herbst und weitere Aktionen.<\/p>\n\n\n\n<p>Auch aktuelle Entwicklungen rund um das Planfeststellungsverfahren und die Zusammenarbeit mit politischen Akteuren wurden diskutiert.<\/p>\n\n\n\n<p><\/p>\n","protected":false},"excerpt":{"rendered":"<p>Am vergangenen Donnerstag fand die \u00f6ffentliche Vorstandssitzung der BI Pro Natur in Schneppendorf statt. Alle Vorstandsmitglieder sowie f\u00fcnf G\u00e4ste nahmen teil. Die Sitzung diente der Beratung \u00fcber organisatorische Themen, bevorstehende Veranstaltungen und strategische Fragen. Im Mittelpunkt stand die Vorbereitung des Weihnachtstraktors 2024, der am 15. Dezember stattfinden wird. Dar\u00fcber hinaus wurden erste Ideen f\u00fcr das [&hellip;]<\/p>\n","protected":false},"author":1,"featured_media":0,"comment_status":"closed","ping_status":"closed","sticky":false,"template":"","format":"standard","meta":{"footnotes":""},"categories":[1],"tags":[],"class_list":["post-350","post","type-post","status-publish","format-standard","hentry","category-vorstand"],"_links":{"self":[{"href":"http:\/\/www.schneppendorf-pro-natur.de\/WP\/wp-json\/wp\/v2\/posts\/350","targetHints":{"allow":["GET"]}}],"collection":[{"href":"http:\/\/www.schneppendorf-pro-natur.de\/WP\/wp-json\/wp\/v2\/posts"}],"about":[{"href":"http:\/\/www.schneppendorf-pro-natur.de\/WP\/wp-json\/wp\/v2\/types\/post"}],"author":[{"embeddable":true,"href":"http:\/\/www.schneppendorf-pro-natur.de\/WP\/wp-json\/wp\/v2\/users\/1"}],"replies":[{"embeddable":true,"href":"http:\/\/www.schneppendorf-pro-natur.de\/WP\/wp-json\/wp\/v2\/comments?post=350"}],"version-history":[{"count":1,"href":"http:\/\/www.schneppendorf-pro-natur.de\/WP\/wp-json\/wp\/v2\/posts\/350\/revisions"}],"predecessor-version":[{"id":351,"href":"http:\/\/www.schneppendorf-pro-natur.de\/WP\/wp-json\/wp\/v2\/posts\/350\/revisions\/351"}],"wp:attachment":[{"href":"http:\/\/www.schneppendorf-pro-natur.de\/WP\/wp-json\/wp\/v2\/media?parent=350"}],"wp:term":[{"taxonomy":"category","embeddable":true,"href":"http:\/\/www.schneppendorf-pro-natur.de\/WP\/wp-json\/wp\/v2\/categories?post=350"},{"taxonomy":"post_tag","embeddable":true,"href":"http:\/\/www.schneppendorf-pro-natur.de\/WP\/wp-json\/wp\/v2\/tags?post=350"}],"curies":[{"name":"wp","href":"https:\/\/api.w.org\/{rel}","templated":true}]}}