{"id":367,"date":"2024-10-24T16:23:00","date_gmt":"2024-10-24T14:23:00","guid":{"rendered":"https:\/\/www.schneppendorf-pro-natur.de\/WP\/?p=367"},"modified":"2025-06-01T16:36:23","modified_gmt":"2025-06-01T14:36:23","slug":"pilzwanderung-was-wir-alles-noch-nicht-ueber-pilze-wussten","status":"publish","type":"post","link":"http:\/\/www.schneppendorf-pro-natur.de\/WP\/2024\/10\/24\/pilzwanderung-was-wir-alles-noch-nicht-ueber-pilze-wussten\/","title":{"rendered":"Pilzwanderung &#8211; Was wir alles noch nicht \u00fcber Pilze wussten"},"content":{"rendered":"\n<p>Am 6. Oktober 2024 lud die B\u00fcrgerinitiative Pro Natur zur herbstlichen Pilzwanderung \u2013 und rund 20 naturbegeisterte Teilnehmende folgten der Einladung. Gemeinsam mit dem erfahrenen Pilzberater <strong>Achim Heimer<\/strong> ging es auf eine kleine, aber lehrreiche Runde durch den <strong>Graurock<\/strong>.<\/p>\n\n\n\n<p>Schon weit vor dem eigentlichen Waldrand wurden die ersten Pilze entdeckt \u2013 und zu fast jedem Fund wusste Herr Heimer eine spannende Geschichte oder interessante Fakten aus der Welt der Pilze zu erz\u00e4hlen. Dabei wurde nicht nur bestimmt, sondern auch viel \u00fcber Lebensr\u00e4ume, essbare und ungenie\u00dfbare Arten sowie \u00fcber das richtige Sammeln gesprochen.<\/p>\n\n\n\n<figure class=\"wp-block-image size-medium\"><img loading=\"lazy\" decoding=\"async\" width=\"226\" height=\"300\" src=\"https:\/\/www.schneppendorf-pro-natur.de\/WP\/wp-content\/uploads\/2025\/06\/image-3-226x300.png\" alt=\"\" class=\"wp-image-372\" srcset=\"http:\/\/www.schneppendorf-pro-natur.de\/WP\/wp-content\/uploads\/2025\/06\/image-3-226x300.png 226w, http:\/\/www.schneppendorf-pro-natur.de\/WP\/wp-content\/uploads\/2025\/06\/image-3-624x829.png 624w, http:\/\/www.schneppendorf-pro-natur.de\/WP\/wp-content\/uploads\/2025\/06\/image-3.png 718w\" sizes=\"auto, (max-width: 226px) 100vw, 226px\" \/><\/figure>\n\n\n\n<div class=\"wp-block-group\"><div class=\"wp-block-group__inner-container is-layout-constrained wp-block-group-is-layout-constrained\">\n<figure class=\"wp-block-image size-medium\"><img loading=\"lazy\" decoding=\"async\" width=\"226\" height=\"300\" src=\"https:\/\/www.schneppendorf-pro-natur.de\/WP\/wp-content\/uploads\/2025\/06\/image-2-226x300.png\" alt=\"\" class=\"wp-image-370\" srcset=\"http:\/\/www.schneppendorf-pro-natur.de\/WP\/wp-content\/uploads\/2025\/06\/image-2-226x300.png 226w, http:\/\/www.schneppendorf-pro-natur.de\/WP\/wp-content\/uploads\/2025\/06\/image-2-624x829.png 624w, http:\/\/www.schneppendorf-pro-natur.de\/WP\/wp-content\/uploads\/2025\/06\/image-2.png 718w\" sizes=\"auto, (max-width: 226px) 100vw, 226px\" \/><\/figure>\n\n\n\n<p>Nicht alle Funde waren allerdings pflanzlicher Natur: <strong>Einige Teilnehmende entdeckten leider auch M\u00fcll im Wald<\/strong> \u2013 darunter Glasflaschen (vor allem Bierflaschen \u2013 Pils), Verpackungsreste und sonstige Abf\u00e4lle. <strong>Ein voller Korb wurde kurzerhand nicht mit Pilzen, sondern mit M\u00fcll gef\u00fcllt<\/strong> \u2013 ein stilles, aber starkes Zeichen f\u00fcr gelebten Naturschutz.<\/p>\n<\/div><\/div>\n\n\n\n<figure class=\"wp-block-image size-medium\"><img loading=\"lazy\" decoding=\"async\" width=\"226\" height=\"300\" src=\"https:\/\/www.schneppendorf-pro-natur.de\/WP\/wp-content\/uploads\/2025\/06\/image-226x300.png\" alt=\"\" class=\"wp-image-368\" srcset=\"http:\/\/www.schneppendorf-pro-natur.de\/WP\/wp-content\/uploads\/2025\/06\/image-226x300.png 226w, http:\/\/www.schneppendorf-pro-natur.de\/WP\/wp-content\/uploads\/2025\/06\/image-624x829.png 624w, http:\/\/www.schneppendorf-pro-natur.de\/WP\/wp-content\/uploads\/2025\/06\/image.png 718w\" sizes=\"auto, (max-width: 226px) 100vw, 226px\" \/><\/figure>\n\n\n\n<p>Nach der Wanderung versammelten sich alle Teilnehmenden auf dem <strong>Dorfplatz<\/strong>, wo Herr Heimer eine <strong>kleine Pilzausstellung<\/strong> mit selbst gesammelten Exponaten pr\u00e4sentierte. Au\u00dferdem nahm er sich die Zeit, die mitgebrachten K\u00f6rbchen der Teilnehmenden zu kontrollieren \u2013 und so manches Exemplar wurde dabei noch einmal genau unter die Lupe genommen.<\/p>\n\n\n\n<figure class=\"wp-block-image size-large\"><img loading=\"lazy\" decoding=\"async\" width=\"1024\" height=\"576\" src=\"https:\/\/www.schneppendorf-pro-natur.de\/WP\/wp-content\/uploads\/2025\/06\/WhatsApp-Bild-2024-10-06-um-12.43.59_4697a4bd-1024x576.jpg\" alt=\"\" class=\"wp-image-371\" srcset=\"http:\/\/www.schneppendorf-pro-natur.de\/WP\/wp-content\/uploads\/2025\/06\/WhatsApp-Bild-2024-10-06-um-12.43.59_4697a4bd-1024x576.jpg 1024w, http:\/\/www.schneppendorf-pro-natur.de\/WP\/wp-content\/uploads\/2025\/06\/WhatsApp-Bild-2024-10-06-um-12.43.59_4697a4bd-300x169.jpg 300w, http:\/\/www.schneppendorf-pro-natur.de\/WP\/wp-content\/uploads\/2025\/06\/WhatsApp-Bild-2024-10-06-um-12.43.59_4697a4bd-768x432.jpg 768w, http:\/\/www.schneppendorf-pro-natur.de\/WP\/wp-content\/uploads\/2025\/06\/WhatsApp-Bild-2024-10-06-um-12.43.59_4697a4bd-1536x864.jpg 1536w, http:\/\/www.schneppendorf-pro-natur.de\/WP\/wp-content\/uploads\/2025\/06\/WhatsApp-Bild-2024-10-06-um-12.43.59_4697a4bd-624x351.jpg 624w, http:\/\/www.schneppendorf-pro-natur.de\/WP\/wp-content\/uploads\/2025\/06\/WhatsApp-Bild-2024-10-06-um-12.43.59_4697a4bd.jpg 1600w\" sizes=\"auto, (max-width: 1024px) 100vw, 1024px\" \/><\/figure>\n\n\n\n<p>Ein herzliches Dankesch\u00f6n an alle Mitwandernden \u2013 und ganz besonders an Herrn Heimer f\u00fcr sein Fachwissen und seine Begeisterung, die den Nachmittag zu einem echten Erlebnis machten.<\/p>\n\n\n\n<p><\/p>\n\n\n\n<p><\/p>\n","protected":false},"excerpt":{"rendered":"<p>Am 6. Oktober 2024 lud die B\u00fcrgerinitiative Pro Natur zur herbstlichen Pilzwanderung \u2013 und rund 20 naturbegeisterte Teilnehmende folgten der Einladung. Gemeinsam mit dem erfahrenen Pilzberater Achim Heimer ging es auf eine kleine, aber lehrreiche Runde durch den Graurock. Schon weit vor dem eigentlichen Waldrand wurden die ersten Pilze entdeckt \u2013 und zu fast jedem [&hellip;]<\/p>\n","protected":false},"author":1,"featured_media":370,"comment_status":"closed","ping_status":"open","sticky":false,"template":"","format":"standard","meta":{"footnotes":""},"categories":[1],"tags":[],"class_list":["post-367","post","type-post","status-publish","format-standard","has-post-thumbnail","hentry","category-vorstand"],"_links":{"self":[{"href":"http:\/\/www.schneppendorf-pro-natur.de\/WP\/wp-json\/wp\/v2\/posts\/367","targetHints":{"allow":["GET"]}}],"collection":[{"href":"http:\/\/www.schneppendorf-pro-natur.de\/WP\/wp-json\/wp\/v2\/posts"}],"about":[{"href":"http:\/\/www.schneppendorf-pro-natur.de\/WP\/wp-json\/wp\/v2\/types\/post"}],"author":[{"embeddable":true,"href":"http:\/\/www.schneppendorf-pro-natur.de\/WP\/wp-json\/wp\/v2\/users\/1"}],"replies":[{"embeddable":true,"href":"http:\/\/www.schneppendorf-pro-natur.de\/WP\/wp-json\/wp\/v2\/comments?post=367"}],"version-history":[{"count":1,"href":"http:\/\/www.schneppendorf-pro-natur.de\/WP\/wp-json\/wp\/v2\/posts\/367\/revisions"}],"predecessor-version":[{"id":373,"href":"http:\/\/www.schneppendorf-pro-natur.de\/WP\/wp-json\/wp\/v2\/posts\/367\/revisions\/373"}],"wp:featuredmedia":[{"embeddable":true,"href":"http:\/\/www.schneppendorf-pro-natur.de\/WP\/wp-json\/wp\/v2\/media\/370"}],"wp:attachment":[{"href":"http:\/\/www.schneppendorf-pro-natur.de\/WP\/wp-json\/wp\/v2\/media?parent=367"}],"wp:term":[{"taxonomy":"category","embeddable":true,"href":"http:\/\/www.schneppendorf-pro-natur.de\/WP\/wp-json\/wp\/v2\/categories?post=367"},{"taxonomy":"post_tag","embeddable":true,"href":"http:\/\/www.schneppendorf-pro-natur.de\/WP\/wp-json\/wp\/v2\/tags?post=367"}],"curies":[{"name":"wp","href":"https:\/\/api.w.org\/{rel}","templated":true}]}}