{"id":374,"date":"2024-12-20T16:39:00","date_gmt":"2024-12-20T15:39:00","guid":{"rendered":"https:\/\/www.schneppendorf-pro-natur.de\/WP\/?p=374"},"modified":"2025-06-01T16:48:11","modified_gmt":"2025-06-01T14:48:11","slug":"rueckblick-weihnachtstraktor-2024","status":"publish","type":"post","link":"http:\/\/www.schneppendorf-pro-natur.de\/WP\/2024\/12\/20\/rueckblick-weihnachtstraktor-2024\/","title":{"rendered":"R\u00fcckblick: Weihnachtstraktor 2024"},"content":{"rendered":"\n<p>Am 15. Dezember 2024 fuhr der <strong>festlich geschm\u00fcckte Weihnachtstraktor<\/strong> wieder durch Schneppendorf. Mit Lichterketten, Tannenzweigen und kleinen \u00dcberraschungen sorgte er f\u00fcr eine stimmungsvolle Abwechslung in der Adventszeit.<\/p>\n\n\n\n<figure class=\"wp-block-image size-medium\"><img loading=\"lazy\" decoding=\"async\" width=\"226\" height=\"300\" src=\"https:\/\/www.schneppendorf-pro-natur.de\/WP\/wp-content\/uploads\/2025\/06\/image-4-226x300.png\" alt=\"\" class=\"wp-image-375\" srcset=\"http:\/\/www.schneppendorf-pro-natur.de\/WP\/wp-content\/uploads\/2025\/06\/image-4-226x300.png 226w, http:\/\/www.schneppendorf-pro-natur.de\/WP\/wp-content\/uploads\/2025\/06\/image-4-624x829.png 624w, http:\/\/www.schneppendorf-pro-natur.de\/WP\/wp-content\/uploads\/2025\/06\/image-4.png 718w\" sizes=\"auto, (max-width: 226px) 100vw, 226px\" \/><\/figure>\n\n\n\n<p>Unterst\u00fctzt wurde die Aktion von der <strong>Freiwilligen Feuerwehr Schneppendorf<\/strong>, die die Gelegenheit nutzte, um <strong>auf die Arbeit der Jugendfeuerwehr aufmerksam zu machen<\/strong>. Kinder und Jugendliche begleiteten die Fahrt zun\u00e4chst auf dem Feuerwehrauto \u2013 bis pl\u00f6tzlich die Sirene ert\u00f6nte. <strong>Die Feuerwehr wurde zu einem Einsatz gerufen<\/strong>: Alle Kinder und Jugendlichen wechselten kurzerhand in den Kremser, w\u00e4hrend das Einsatzfahrzeug zum Ausr\u00fccken abfuhr. Auch das geh\u00f6rt eben zur Realit\u00e4t des Ehrenamts.<\/p>\n\n\n\n<p>Entlang der Strecke wurde der Traktor von vielen <strong>freundlichen Gesichtern, winkenden Kindern und Familien<\/strong> begr\u00fc\u00dft. Die Idee, ein wenig vorweihnachtliche Freude ins Dorf zu bringen, wurde auch in diesem Jahr sehr positiv aufgenommen.<\/p>\n\n\n\n<p>Ein herzlicher Dank gilt allen Helfenden, die bei Vorbereitung, Gestaltung und Durchf\u00fchrung mitgewirkt haben. Ohne dieses Engagement w\u00e4re die Aktion in dieser Form nicht m\u00f6glich gewesen.<\/p>\n\n\n\n<p><strong>Die n\u00e4chste Fahrt des Weihnachtstraktors ist bereits geplant \u2013 auch im Advent 2025 wird er wieder durch Schneppendorf rollen.<\/strong><\/p>\n\n\n\n<p><\/p>\n","protected":false},"excerpt":{"rendered":"<p>Am 15. Dezember 2024 fuhr der festlich geschm\u00fcckte Weihnachtstraktor wieder durch Schneppendorf. Mit Lichterketten, Tannenzweigen und kleinen \u00dcberraschungen sorgte er f\u00fcr eine stimmungsvolle Abwechslung in der Adventszeit. Unterst\u00fctzt wurde die Aktion von der Freiwilligen Feuerwehr Schneppendorf, die die Gelegenheit nutzte, um auf die Arbeit der Jugendfeuerwehr aufmerksam zu machen. Kinder und Jugendliche begleiteten die Fahrt [&hellip;]<\/p>\n","protected":false},"author":1,"featured_media":0,"comment_status":"closed","ping_status":"open","sticky":false,"template":"","format":"standard","meta":{"footnotes":""},"categories":[1],"tags":[],"class_list":["post-374","post","type-post","status-publish","format-standard","hentry","category-vorstand"],"_links":{"self":[{"href":"http:\/\/www.schneppendorf-pro-natur.de\/WP\/wp-json\/wp\/v2\/posts\/374","targetHints":{"allow":["GET"]}}],"collection":[{"href":"http:\/\/www.schneppendorf-pro-natur.de\/WP\/wp-json\/wp\/v2\/posts"}],"about":[{"href":"http:\/\/www.schneppendorf-pro-natur.de\/WP\/wp-json\/wp\/v2\/types\/post"}],"author":[{"embeddable":true,"href":"http:\/\/www.schneppendorf-pro-natur.de\/WP\/wp-json\/wp\/v2\/users\/1"}],"replies":[{"embeddable":true,"href":"http:\/\/www.schneppendorf-pro-natur.de\/WP\/wp-json\/wp\/v2\/comments?post=374"}],"version-history":[{"count":1,"href":"http:\/\/www.schneppendorf-pro-natur.de\/WP\/wp-json\/wp\/v2\/posts\/374\/revisions"}],"predecessor-version":[{"id":377,"href":"http:\/\/www.schneppendorf-pro-natur.de\/WP\/wp-json\/wp\/v2\/posts\/374\/revisions\/377"}],"wp:attachment":[{"href":"http:\/\/www.schneppendorf-pro-natur.de\/WP\/wp-json\/wp\/v2\/media?parent=374"}],"wp:term":[{"taxonomy":"category","embeddable":true,"href":"http:\/\/www.schneppendorf-pro-natur.de\/WP\/wp-json\/wp\/v2\/categories?post=374"},{"taxonomy":"post_tag","embeddable":true,"href":"http:\/\/www.schneppendorf-pro-natur.de\/WP\/wp-json\/wp\/v2\/tags?post=374"}],"curies":[{"name":"wp","href":"https:\/\/api.w.org\/{rel}","templated":true}]}}