{"id":426,"date":"2026-02-11T12:23:34","date_gmt":"2026-02-11T11:23:34","guid":{"rendered":"https:\/\/www.schneppendorf-pro-natur.de\/WP\/?p=426"},"modified":"2026-02-19T12:31:36","modified_gmt":"2026-02-19T11:31:36","slug":"infoveranstaltung-zum-eroerterungstermin","status":"publish","type":"post","link":"http:\/\/www.schneppendorf-pro-natur.de\/WP\/2026\/02\/11\/infoveranstaltung-zum-eroerterungstermin\/","title":{"rendered":"Infoveranstaltung zum Er\u00f6rterungstermin"},"content":{"rendered":"\n<figure class=\"wp-block-image size-large\"><img loading=\"lazy\" decoding=\"async\" width=\"724\" height=\"1024\" src=\"https:\/\/www.schneppendorf-pro-natur.de\/WP\/wp-content\/uploads\/2026\/02\/2-724x1024.jpg\" alt=\"\" class=\"wp-image-428\" srcset=\"http:\/\/www.schneppendorf-pro-natur.de\/WP\/wp-content\/uploads\/2026\/02\/2-724x1024.jpg 724w, http:\/\/www.schneppendorf-pro-natur.de\/WP\/wp-content\/uploads\/2026\/02\/2-212x300.jpg 212w, http:\/\/www.schneppendorf-pro-natur.de\/WP\/wp-content\/uploads\/2026\/02\/2-768x1086.jpg 768w, http:\/\/www.schneppendorf-pro-natur.de\/WP\/wp-content\/uploads\/2026\/02\/2-1086x1536.jpg 1086w, http:\/\/www.schneppendorf-pro-natur.de\/WP\/wp-content\/uploads\/2026\/02\/2-1448x2048.jpg 1448w, http:\/\/www.schneppendorf-pro-natur.de\/WP\/wp-content\/uploads\/2026\/02\/2-624x883.jpg 624w, http:\/\/www.schneppendorf-pro-natur.de\/WP\/wp-content\/uploads\/2026\/02\/2.jpg 1587w\" sizes=\"auto, (max-width: 724px) 100vw, 724px\" \/><\/figure>\n\n\n\n<p class=\"has-large-font-size\" style=\"font-style:normal;font-weight:600\"><mark style=\"background-color:#acd8a5\" class=\"has-inline-color\"><strong>Fragen und Antworten zum Er\u00f6rterungstermin<\/strong><\/mark><\/p>\n\n\n\n<p class=\"has-medium-font-size\"><mark style=\"background-color:#dacbbb\" class=\"has-inline-color\">Was ist der Er\u00f6rterungstermin, welche Bedeutung hat er im Verfahren?<\/mark><\/p>\n\n\n\n<p>Der Er\u00f6rterungstermin ist ein wichtiger Teil der B\u00fcrgerbeteiligung im Genehmigungsverfahren.<\/p>\n\n\n\n<p>Alle Menschen, die eine Einwendung abgegeben haben, k\u00f6nnen hier ihre Anliegen erkl\u00e4ren und Fragen stellen. Die Beh\u00f6rde und der Vorhabentr\u00e4ger h\u00f6ren zu und m\u00fcssen auf die Punkte eingehen.<\/p>\n\n\n\n<p>Im Termin wird gemeinsam besprochen, welche Probleme, Sorgen und offenen Fragen es gibt. Die Einwendungen werden nicht nur schriftlich betrachtet, sondern mit den Betroffenen selbst gekl\u00e4rt. Die Beh\u00f6rde stellt R\u00fcckfragen, um besser zu verstehen, worum es geht. Der Vorhabentr\u00e4ger muss sich zu den Punkten \u00e4u\u00dfern.<\/p>\n\n\n\n<p>Der Termin hilft der Beh\u00f6rde, ein vollst\u00e4ndiges Bild zu bekommen:<br>\u2022 Welche Bedeutung hat der Punkt f\u00fcr den Alltag vor Ort?<br>\u2022 Welche Folgen wurden im Antrag vielleicht nicht bedacht?<br>\u2022 Wo braucht es Nachbesserungen oder weitere Pr\u00fcfungen?<\/p>\n\n\n\n<p>Beim Er\u00f6rterungstermin wird nicht entschieden. Aber der Termin beeinflusst die sp\u00e4tere Entscheidung, weil sichtbar wird, wie ernst einzelne Punkte sind und wo fachliche oder praktische Probleme liegen.<\/p>\n\n\n\n<p class=\"has-medium-font-size\"><mark style=\"background-color:#dacbbb\" class=\"has-inline-color\">Wie sollte man sich vorbereiten?<\/mark><\/p>\n\n\n\n<p>Hilfreich ist:<br>\u2022 die eigene Einwendung vorher lesen,<br>\u2022 die wichtigsten Punkte markieren,<br>\u2022 einfache Stichpunkte machen,<br>\u2022 Beispiele \u00fcberlegen, die erkl\u00e4ren, warum die Einwendung geschrieben wurde<br>\u2022 Fragen notieren, die gestellt werden sollen.<\/p>\n\n\n\n<p class=\"has-medium-font-size\"><mark style=\"background-color:#dacbbb\" class=\"has-inline-color\">Wer kann teilnehmen, kann jemand mitgenommen werden?<\/mark><\/p>\n\n\n\n<p>Teilnehmen k\u00f6nnen nur Personen, die vorher eine Einwendung abgegeben haben, sowie anerkannte Vereine und beteiligte Beh\u00f6rden.<\/p>\n\n\n\n<p>Mitkommen kann eine Person mit Vollmacht, die stellvertretend spricht. Andere Begleitungen ohne eigene Berechtigung werden meist nicht zugelassen, da der Termin nicht \u00f6ffentlich ist.<\/p>\n\n\n\n<p class=\"has-medium-font-size\"><mark style=\"background-color:#dacbbb\" class=\"has-inline-color\">Was erwartet Teilnehmende beim Termin?<\/mark><\/p>\n\n\n\n<p>Beim Termin werden die Themen nach und nach besprochen.<\/p>\n\n\n\n<p>Jede Person kann zuh\u00f6ren, Fragen stellen oder eigene Punkte erkl\u00e4ren \u2013 alles freiwillig. Niemand muss sprechen. Wer m\u00f6chte, kann die eigenen Punkte kurz in eigenen Worten erkl\u00e4ren.<\/p>\n\n\n\n<p>Wichtig ist: Der Termin ist sachlich, nicht politisch und kein Streitgespr\u00e4ch.<\/p>\n\n\n\n<p><\/p>\n","protected":false},"excerpt":{"rendered":"<p>Fragen und Antworten zum Er\u00f6rterungstermin Was ist der Er\u00f6rterungstermin, welche Bedeutung hat er im Verfahren? Der Er\u00f6rterungstermin ist ein wichtiger Teil der B\u00fcrgerbeteiligung im Genehmigungsverfahren. Alle Menschen, die eine Einwendung abgegeben haben, k\u00f6nnen hier ihre Anliegen erkl\u00e4ren und Fragen stellen. Die Beh\u00f6rde und der Vorhabentr\u00e4ger h\u00f6ren zu und m\u00fcssen auf die Punkte eingehen. Im Termin [&hellip;]<\/p>\n","protected":false},"author":1,"featured_media":0,"comment_status":"closed","ping_status":"closed","sticky":false,"template":"","format":"standard","meta":{"footnotes":""},"categories":[1],"tags":[],"class_list":["post-426","post","type-post","status-publish","format-standard","hentry","category-vorstand"],"_links":{"self":[{"href":"http:\/\/www.schneppendorf-pro-natur.de\/WP\/wp-json\/wp\/v2\/posts\/426","targetHints":{"allow":["GET"]}}],"collection":[{"href":"http:\/\/www.schneppendorf-pro-natur.de\/WP\/wp-json\/wp\/v2\/posts"}],"about":[{"href":"http:\/\/www.schneppendorf-pro-natur.de\/WP\/wp-json\/wp\/v2\/types\/post"}],"author":[{"embeddable":true,"href":"http:\/\/www.schneppendorf-pro-natur.de\/WP\/wp-json\/wp\/v2\/users\/1"}],"replies":[{"embeddable":true,"href":"http:\/\/www.schneppendorf-pro-natur.de\/WP\/wp-json\/wp\/v2\/comments?post=426"}],"version-history":[{"count":2,"href":"http:\/\/www.schneppendorf-pro-natur.de\/WP\/wp-json\/wp\/v2\/posts\/426\/revisions"}],"predecessor-version":[{"id":430,"href":"http:\/\/www.schneppendorf-pro-natur.de\/WP\/wp-json\/wp\/v2\/posts\/426\/revisions\/430"}],"wp:attachment":[{"href":"http:\/\/www.schneppendorf-pro-natur.de\/WP\/wp-json\/wp\/v2\/media?parent=426"}],"wp:term":[{"taxonomy":"category","embeddable":true,"href":"http:\/\/www.schneppendorf-pro-natur.de\/WP\/wp-json\/wp\/v2\/categories?post=426"},{"taxonomy":"post_tag","embeddable":true,"href":"http:\/\/www.schneppendorf-pro-natur.de\/WP\/wp-json\/wp\/v2\/tags?post=426"}],"curies":[{"name":"wp","href":"https:\/\/api.w.org\/{rel}","templated":true}]}}