{"id":358,"date":"2025-04-11T09:25:50","date_gmt":"2025-04-11T07:25:50","guid":{"rendered":"https:\/\/www.schneppendorf-pro-natur.de\/WP\/?p=358"},"modified":"2025-04-11T09:25:50","modified_gmt":"2025-04-11T07:25:50","slug":"rueckblick-auf-die-vorstandssitzung-im-april","status":"publish","type":"post","link":"https:\/\/www.schneppendorf-pro-natur.de\/WP\/2025\/04\/11\/rueckblick-auf-die-vorstandssitzung-im-april\/","title":{"rendered":"R\u00fcckblick auf die Vorstandssitzung im April"},"content":{"rendered":"\n<p>In unserer Vorstandssitzung am 10. April ging es vor allem um die Konkretisierung unserer Jahresplanung. F\u00fcr einige bereits angek\u00fcndigte Veranstaltungen konnten nun die genauen Termine festgelegt und passende Unterst\u00fctzer*innen gewonnen werden \u2013 darunter eine naturkundlich begleitete Fr\u00fchlingswanderung Anfang Mai sowie eine Veranstaltung mit einem Pomologen im Herbst.<\/p>\n\n\n\n<p>Auch die Jahreshauptversammlung wirft ihre Schatten voraus: Der Termin steht schon l\u00e4nger fest, aktuell wird noch ein geeigneter Ort abgestimmt \u2013 je nach Baufortschritt wird kurzfristig entschieden, wo genau das Treffen stattfinden kann.<\/p>\n\n\n\n<p>Dar\u00fcber hinaus wurde \u00fcber einen neuen Standort f\u00fcr eines unserer Wappenschilder beraten. Die Umsetzung wird intern koordiniert.<\/p>\n\n\n\n<p>Ein weiteres Thema war die aktuelle Situation rund um den geplanten Kiestagebau und den Regionalplan. Der Vorstand hat sich mit dem Stand der Entwicklungen befasst und wird die weitere Entwicklung aufmerksam begleiten.<\/p>\n\n\n\n<p>Wir freuen uns auf ein aktives Vereinsjahr und bedanken uns bei allen, die uns dabei unterst\u00fctzen!<\/p>\n\n\n\n<p><\/p>\n","protected":false},"excerpt":{"rendered":"<p>In unserer Vorstandssitzung am 10. April ging es vor allem um die Konkretisierung unserer Jahresplanung. F\u00fcr einige bereits angek\u00fcndigte Veranstaltungen konnten nun die genauen Termine festgelegt und passende Unterst\u00fctzer*innen gewonnen werden \u2013 darunter eine naturkundlich begleitete Fr\u00fchlingswanderung Anfang Mai sowie eine Veranstaltung mit einem Pomologen im Herbst. Auch die Jahreshauptversammlung wirft ihre Schatten voraus: Der [&hellip;]<\/p>\n","protected":false},"author":1,"featured_media":0,"comment_status":"closed","ping_status":"open","sticky":false,"template":"","format":"standard","meta":{"footnotes":""},"categories":[1],"tags":[],"class_list":["post-358","post","type-post","status-publish","format-standard","hentry","category-vorstand"],"_links":{"self":[{"href":"https:\/\/www.schneppendorf-pro-natur.de\/WP\/wp-json\/wp\/v2\/posts\/358","targetHints":{"allow":["GET"]}}],"collection":[{"href":"https:\/\/www.schneppendorf-pro-natur.de\/WP\/wp-json\/wp\/v2\/posts"}],"about":[{"href":"https:\/\/www.schneppendorf-pro-natur.de\/WP\/wp-json\/wp\/v2\/types\/post"}],"author":[{"embeddable":true,"href":"https:\/\/www.schneppendorf-pro-natur.de\/WP\/wp-json\/wp\/v2\/users\/1"}],"replies":[{"embeddable":true,"href":"https:\/\/www.schneppendorf-pro-natur.de\/WP\/wp-json\/wp\/v2\/comments?post=358"}],"version-history":[{"count":1,"href":"https:\/\/www.schneppendorf-pro-natur.de\/WP\/wp-json\/wp\/v2\/posts\/358\/revisions"}],"predecessor-version":[{"id":359,"href":"https:\/\/www.schneppendorf-pro-natur.de\/WP\/wp-json\/wp\/v2\/posts\/358\/revisions\/359"}],"wp:attachment":[{"href":"https:\/\/www.schneppendorf-pro-natur.de\/WP\/wp-json\/wp\/v2\/media?parent=358"}],"wp:term":[{"taxonomy":"category","embeddable":true,"href":"https:\/\/www.schneppendorf-pro-natur.de\/WP\/wp-json\/wp\/v2\/categories?post=358"},{"taxonomy":"post_tag","embeddable":true,"href":"https:\/\/www.schneppendorf-pro-natur.de\/WP\/wp-json\/wp\/v2\/tags?post=358"}],"curies":[{"name":"wp","href":"https:\/\/api.w.org\/{rel}","templated":true}]}}