{"id":361,"date":"2025-04-28T14:12:33","date_gmt":"2025-04-28T12:12:33","guid":{"rendered":"https:\/\/www.schneppendorf-pro-natur.de\/WP\/?p=361"},"modified":"2025-06-01T16:37:19","modified_gmt":"2025-06-01T14:37:19","slug":"naturkundliche-wanderung-im-graurock","status":"publish","type":"post","link":"https:\/\/www.schneppendorf-pro-natur.de\/WP\/2025\/04\/28\/naturkundliche-wanderung-im-graurock\/","title":{"rendered":"Naturkundliche Wanderung im Graurock"},"content":{"rendered":"\n<figure class=\"wp-block-image size-large\"><img loading=\"lazy\" decoding=\"async\" width=\"724\" height=\"1024\" src=\"https:\/\/www.schneppendorf-pro-natur.de\/WP\/wp-content\/uploads\/2025\/04\/Naturkundliche-Wanderung-724x1024.jpg\" alt=\"\" class=\"wp-image-362\" srcset=\"https:\/\/www.schneppendorf-pro-natur.de\/WP\/wp-content\/uploads\/2025\/04\/Naturkundliche-Wanderung-724x1024.jpg 724w, https:\/\/www.schneppendorf-pro-natur.de\/WP\/wp-content\/uploads\/2025\/04\/Naturkundliche-Wanderung-212x300.jpg 212w, https:\/\/www.schneppendorf-pro-natur.de\/WP\/wp-content\/uploads\/2025\/04\/Naturkundliche-Wanderung-768x1086.jpg 768w, https:\/\/www.schneppendorf-pro-natur.de\/WP\/wp-content\/uploads\/2025\/04\/Naturkundliche-Wanderung-1086x1536.jpg 1086w, https:\/\/www.schneppendorf-pro-natur.de\/WP\/wp-content\/uploads\/2025\/04\/Naturkundliche-Wanderung-1448x2048.jpg 1448w, https:\/\/www.schneppendorf-pro-natur.de\/WP\/wp-content\/uploads\/2025\/04\/Naturkundliche-Wanderung-624x883.jpg 624w, https:\/\/www.schneppendorf-pro-natur.de\/WP\/wp-content\/uploads\/2025\/04\/Naturkundliche-Wanderung.jpg 1587w\" sizes=\"auto, (max-width: 724px) 100vw, 724px\" \/><\/figure>\n\n\n\n<p><strong>Hinweis zur Wanderung:<\/strong><br>Unsere Wanderung startet diesmal bereits um 9 Uhr. Treffpunkt ist der Spielplatz in Schneppendorf. Bitte beachten Sie: Direkt am Spielplatz stehen keine Parkm\u00f6glichkeiten zur Verf\u00fcgung. Besucher von au\u00dferhalb werden gebeten, ihr Fahrzeug entweder auf dem Dorfplatz im Ort oder auf dem Wanderparkplatz am Graurock abzustellen.<\/p>\n","protected":false},"excerpt":{"rendered":"<p>Hinweis zur Wanderung:Unsere Wanderung startet diesmal bereits um 9 Uhr. Treffpunkt ist der Spielplatz in Schneppendorf. Bitte beachten Sie: Direkt am Spielplatz stehen keine Parkm\u00f6glichkeiten zur Verf\u00fcgung. Besucher von au\u00dferhalb werden gebeten, ihr Fahrzeug entweder auf dem Dorfplatz im Ort oder auf dem Wanderparkplatz am Graurock abzustellen.<\/p>\n","protected":false},"author":1,"featured_media":0,"comment_status":"closed","ping_status":"closed","sticky":false,"template":"","format":"standard","meta":{"footnotes":""},"categories":[1],"tags":[8,9],"class_list":["post-361","post","type-post","status-publish","format-standard","hentry","category-vorstand","tag-einladung","tag-veranstaltung"],"_links":{"self":[{"href":"https:\/\/www.schneppendorf-pro-natur.de\/WP\/wp-json\/wp\/v2\/posts\/361","targetHints":{"allow":["GET"]}}],"collection":[{"href":"https:\/\/www.schneppendorf-pro-natur.de\/WP\/wp-json\/wp\/v2\/posts"}],"about":[{"href":"https:\/\/www.schneppendorf-pro-natur.de\/WP\/wp-json\/wp\/v2\/types\/post"}],"author":[{"embeddable":true,"href":"https:\/\/www.schneppendorf-pro-natur.de\/WP\/wp-json\/wp\/v2\/users\/1"}],"replies":[{"embeddable":true,"href":"https:\/\/www.schneppendorf-pro-natur.de\/WP\/wp-json\/wp\/v2\/comments?post=361"}],"version-history":[{"count":1,"href":"https:\/\/www.schneppendorf-pro-natur.de\/WP\/wp-json\/wp\/v2\/posts\/361\/revisions"}],"predecessor-version":[{"id":363,"href":"https:\/\/www.schneppendorf-pro-natur.de\/WP\/wp-json\/wp\/v2\/posts\/361\/revisions\/363"}],"wp:attachment":[{"href":"https:\/\/www.schneppendorf-pro-natur.de\/WP\/wp-json\/wp\/v2\/media?parent=361"}],"wp:term":[{"taxonomy":"category","embeddable":true,"href":"https:\/\/www.schneppendorf-pro-natur.de\/WP\/wp-json\/wp\/v2\/categories?post=361"},{"taxonomy":"post_tag","embeddable":true,"href":"https:\/\/www.schneppendorf-pro-natur.de\/WP\/wp-json\/wp\/v2\/tags?post=361"}],"curies":[{"name":"wp","href":"https:\/\/api.w.org\/{rel}","templated":true}]}}