{"id":364,"date":"2025-04-28T14:22:34","date_gmt":"2025-04-28T12:22:34","guid":{"rendered":"https:\/\/www.schneppendorf-pro-natur.de\/WP\/?p=364"},"modified":"2025-04-28T14:23:39","modified_gmt":"2025-04-28T12:23:39","slug":"heidelberg-materials-laedt-zur-buergersprechstunde-gelegenheit-fuer-fragen","status":"publish","type":"post","link":"https:\/\/www.schneppendorf-pro-natur.de\/WP\/2025\/04\/28\/heidelberg-materials-laedt-zur-buergersprechstunde-gelegenheit-fuer-fragen\/","title":{"rendered":"Heidelberg Materials l\u00e4dt zur B\u00fcrgersprechstunde \u2013 Gelegenheit f\u00fcr Fragen"},"content":{"rendered":"\n<p>Am Dienstag, dem 6. Mai 2025, findet von 16 bis 19 Uhr im Rathaus M\u00fclsen (St. Jacober Hauptstra\u00dfe 128) eine B\u00fcrgersprechstunde der Heidelberg Materials Mineralik DE GmbH statt. Das Unternehmen betreibt das Sand- und Kieswerk Zwickau-Ost und plant weiterhin den massiven Kiesabbau auf fast 70 Hektar rund um Schneppendorf.<\/p>\n\n\n\n<p>Diese Veranstaltung bietet allen B\u00fcrgerinnen und B\u00fcrgern die M\u00f6glichkeit, Fragen direkt an die Unternehmensvertreter zu richten und Bedenken offen anzusprechen.<\/p>\n\n\n\n<p><strong>Die B\u00fcrgerinitiative Schneppendorf Pro Natur ruft alle Interessierten auf: Nutzen Sie diese Gelegenheit, um Ihre Kritik und Sorgen klar zu \u00e4u\u00dfern!<\/strong><br>(Quelle: Amtsblatt \u201ePulsschlag\u201c, Stadt Zwickau, 4.4.2025)<\/p>\n","protected":false},"excerpt":{"rendered":"<p>Am Dienstag, dem 6. Mai 2025, findet von 16 bis 19 Uhr im Rathaus M\u00fclsen (St. Jacober Hauptstra\u00dfe 128) eine B\u00fcrgersprechstunde der Heidelberg Materials Mineralik DE GmbH statt. Das Unternehmen betreibt das Sand- und Kieswerk Zwickau-Ost und plant weiterhin den massiven Kiesabbau auf fast 70 Hektar rund um Schneppendorf. Diese Veranstaltung bietet allen B\u00fcrgerinnen und [&hellip;]<\/p>\n","protected":false},"author":1,"featured_media":0,"comment_status":"closed","ping_status":"closed","sticky":false,"template":"","format":"standard","meta":{"footnotes":""},"categories":[1],"tags":[],"class_list":["post-364","post","type-post","status-publish","format-standard","hentry","category-vorstand"],"_links":{"self":[{"href":"https:\/\/www.schneppendorf-pro-natur.de\/WP\/wp-json\/wp\/v2\/posts\/364","targetHints":{"allow":["GET"]}}],"collection":[{"href":"https:\/\/www.schneppendorf-pro-natur.de\/WP\/wp-json\/wp\/v2\/posts"}],"about":[{"href":"https:\/\/www.schneppendorf-pro-natur.de\/WP\/wp-json\/wp\/v2\/types\/post"}],"author":[{"embeddable":true,"href":"https:\/\/www.schneppendorf-pro-natur.de\/WP\/wp-json\/wp\/v2\/users\/1"}],"replies":[{"embeddable":true,"href":"https:\/\/www.schneppendorf-pro-natur.de\/WP\/wp-json\/wp\/v2\/comments?post=364"}],"version-history":[{"count":1,"href":"https:\/\/www.schneppendorf-pro-natur.de\/WP\/wp-json\/wp\/v2\/posts\/364\/revisions"}],"predecessor-version":[{"id":365,"href":"https:\/\/www.schneppendorf-pro-natur.de\/WP\/wp-json\/wp\/v2\/posts\/364\/revisions\/365"}],"wp:attachment":[{"href":"https:\/\/www.schneppendorf-pro-natur.de\/WP\/wp-json\/wp\/v2\/media?parent=364"}],"wp:term":[{"taxonomy":"category","embeddable":true,"href":"https:\/\/www.schneppendorf-pro-natur.de\/WP\/wp-json\/wp\/v2\/categories?post=364"},{"taxonomy":"post_tag","embeddable":true,"href":"https:\/\/www.schneppendorf-pro-natur.de\/WP\/wp-json\/wp\/v2\/tags?post=364"}],"curies":[{"name":"wp","href":"https:\/\/api.w.org\/{rel}","templated":true}]}}