{"id":378,"date":"2025-06-01T17:04:55","date_gmt":"2025-06-01T15:04:55","guid":{"rendered":"https:\/\/www.schneppendorf-pro-natur.de\/WP\/?p=378"},"modified":"2025-09-12T06:54:25","modified_gmt":"2025-09-12T04:54:25","slug":"378","status":"publish","type":"post","link":"https:\/\/www.schneppendorf-pro-natur.de\/WP\/2025\/06\/01\/378\/","title":{"rendered":"Naturkundliche Wanderung"},"content":{"rendered":"\n<p>Auf Einladung der B\u00fcrgerinitiative Pro Natur fand am 3. Mai 2024 eine <strong>naturkundliche Wanderung durch den Graurock<\/strong> statt. Fachlich begleitet wurden wir auf der Tour von <strong>Andreas Trautmann<\/strong>, einen Amphibienexperten.<\/p>\n\n\n\n<p>Auf der kleinen Runde wurde schnell deutlich, <strong>wie stark die anhaltende Trockenheit die Vegetation bereits beeinflusst<\/strong>. Vertrocknete B\u00f6den und ausbleibende Bodenfeuchte zeigen, wie wichtig funktionierende Lebensr\u00e4ume f\u00fcr Flora und Fauna sind \u2013 auch direkt vor unserer Haust\u00fcr.<\/p>\n\n\n\n<figure class=\"wp-block-image size-medium\"><img loading=\"lazy\" decoding=\"async\" width=\"226\" height=\"300\" src=\"https:\/\/www.schneppendorf-pro-natur.de\/WP\/wp-content\/uploads\/2025\/06\/image-5-226x300.png\" alt=\"\" class=\"wp-image-379\" srcset=\"https:\/\/www.schneppendorf-pro-natur.de\/WP\/wp-content\/uploads\/2025\/06\/image-5-226x300.png 226w, https:\/\/www.schneppendorf-pro-natur.de\/WP\/wp-content\/uploads\/2025\/06\/image-5-624x829.png 624w, https:\/\/www.schneppendorf-pro-natur.de\/WP\/wp-content\/uploads\/2025\/06\/image-5.png 718w\" sizes=\"auto, (max-width: 226px) 100vw, 226px\" \/><\/figure>\n\n\n\n<p>Im Anschluss f\u00fchrte uns Andreas zu <strong>Teichen in einem angrenzenden Ort<\/strong>, wo er im Rahmen eines langfristigen Monitorings <strong>Molchfallen zur Bestandsaufnahme<\/strong> betreut. Die Standorte werden aus Artenschutzgr\u00fcnden nicht ver\u00f6ffentlicht. Die Fallen werden t\u00e4glich kontrolliert, und wir durften <strong>beobachten, fotografieren und Fragen stellen<\/strong>, w\u00e4hrend Andreas sorgf\u00e4ltig die Tiere dokumentierte und bestimmte. Vertreten waren <strong>Teichmolche, Bergmolche und Kammmolche<\/strong> \u2013 beeindruckende kleine Bewohner unserer heimischen Gew\u00e4sser.<\/p>\n\n\n\n<figure class=\"wp-block-gallery has-nested-images columns-default is-cropped wp-block-gallery-1 is-layout-flex wp-block-gallery-is-layout-flex\">\n<figure class=\"wp-block-image size-full\"><img loading=\"lazy\" decoding=\"async\" width=\"1928\" height=\"2560\" data-id=\"390\" src=\"https:\/\/www.schneppendorf-pro-natur.de\/WP\/wp-content\/uploads\/2025\/06\/IMG_20250503_105636601-scaled.jpg\" alt=\"\" class=\"wp-image-390\" srcset=\"https:\/\/www.schneppendorf-pro-natur.de\/WP\/wp-content\/uploads\/2025\/06\/IMG_20250503_105636601-scaled.jpg 1928w, https:\/\/www.schneppendorf-pro-natur.de\/WP\/wp-content\/uploads\/2025\/06\/IMG_20250503_105636601-226x300.jpg 226w, https:\/\/www.schneppendorf-pro-natur.de\/WP\/wp-content\/uploads\/2025\/06\/IMG_20250503_105636601-771x1024.jpg 771w, https:\/\/www.schneppendorf-pro-natur.de\/WP\/wp-content\/uploads\/2025\/06\/IMG_20250503_105636601-768x1020.jpg 768w, https:\/\/www.schneppendorf-pro-natur.de\/WP\/wp-content\/uploads\/2025\/06\/IMG_20250503_105636601-1157x1536.jpg 1157w, https:\/\/www.schneppendorf-pro-natur.de\/WP\/wp-content\/uploads\/2025\/06\/IMG_20250503_105636601-1542x2048.jpg 1542w, https:\/\/www.schneppendorf-pro-natur.de\/WP\/wp-content\/uploads\/2025\/06\/IMG_20250503_105636601-624x829.jpg 624w\" sizes=\"auto, (max-width: 1928px) 100vw, 1928px\" \/><\/figure>\n\n\n\n<figure class=\"wp-block-image size-full\"><img loading=\"lazy\" decoding=\"async\" width=\"2000\" height=\"1500\" data-id=\"388\" src=\"https:\/\/www.schneppendorf-pro-natur.de\/WP\/wp-content\/uploads\/2025\/06\/WhatsApp-Bild-2025-05-04-um-14.55.38_4405e0d2-1.jpg\" alt=\"\" class=\"wp-image-388\" srcset=\"https:\/\/www.schneppendorf-pro-natur.de\/WP\/wp-content\/uploads\/2025\/06\/WhatsApp-Bild-2025-05-04-um-14.55.38_4405e0d2-1.jpg 2000w, https:\/\/www.schneppendorf-pro-natur.de\/WP\/wp-content\/uploads\/2025\/06\/WhatsApp-Bild-2025-05-04-um-14.55.38_4405e0d2-1-300x225.jpg 300w, https:\/\/www.schneppendorf-pro-natur.de\/WP\/wp-content\/uploads\/2025\/06\/WhatsApp-Bild-2025-05-04-um-14.55.38_4405e0d2-1-1024x768.jpg 1024w, https:\/\/www.schneppendorf-pro-natur.de\/WP\/wp-content\/uploads\/2025\/06\/WhatsApp-Bild-2025-05-04-um-14.55.38_4405e0d2-1-768x576.jpg 768w, https:\/\/www.schneppendorf-pro-natur.de\/WP\/wp-content\/uploads\/2025\/06\/WhatsApp-Bild-2025-05-04-um-14.55.38_4405e0d2-1-1536x1152.jpg 1536w, https:\/\/www.schneppendorf-pro-natur.de\/WP\/wp-content\/uploads\/2025\/06\/WhatsApp-Bild-2025-05-04-um-14.55.38_4405e0d2-1-624x468.jpg 624w\" sizes=\"auto, (max-width: 2000px) 100vw, 2000px\" \/><\/figure>\n\n\n\n<figure class=\"wp-block-image size-full\"><img loading=\"lazy\" decoding=\"async\" width=\"2000\" height=\"1500\" data-id=\"389\" src=\"https:\/\/www.schneppendorf-pro-natur.de\/WP\/wp-content\/uploads\/2025\/06\/WhatsApp-Bild-2025-05-04-um-14.55.38_b307f712.jpg\" alt=\"\" class=\"wp-image-389\" srcset=\"https:\/\/www.schneppendorf-pro-natur.de\/WP\/wp-content\/uploads\/2025\/06\/WhatsApp-Bild-2025-05-04-um-14.55.38_b307f712.jpg 2000w, https:\/\/www.schneppendorf-pro-natur.de\/WP\/wp-content\/uploads\/2025\/06\/WhatsApp-Bild-2025-05-04-um-14.55.38_b307f712-300x225.jpg 300w, https:\/\/www.schneppendorf-pro-natur.de\/WP\/wp-content\/uploads\/2025\/06\/WhatsApp-Bild-2025-05-04-um-14.55.38_b307f712-1024x768.jpg 1024w, https:\/\/www.schneppendorf-pro-natur.de\/WP\/wp-content\/uploads\/2025\/06\/WhatsApp-Bild-2025-05-04-um-14.55.38_b307f712-768x576.jpg 768w, https:\/\/www.schneppendorf-pro-natur.de\/WP\/wp-content\/uploads\/2025\/06\/WhatsApp-Bild-2025-05-04-um-14.55.38_b307f712-1536x1152.jpg 1536w, https:\/\/www.schneppendorf-pro-natur.de\/WP\/wp-content\/uploads\/2025\/06\/WhatsApp-Bild-2025-05-04-um-14.55.38_b307f712-624x468.jpg 624w\" sizes=\"auto, (max-width: 2000px) 100vw, 2000px\" \/><\/figure>\n\n\n\n<figure class=\"wp-block-image size-full\"><img loading=\"lazy\" decoding=\"async\" width=\"1600\" height=\"1200\" data-id=\"386\" src=\"https:\/\/www.schneppendorf-pro-natur.de\/WP\/wp-content\/uploads\/2025\/06\/WhatsApp-Bild-2025-05-04-um-15.07.32_185ad790-1.jpg\" alt=\"\" class=\"wp-image-386\" srcset=\"https:\/\/www.schneppendorf-pro-natur.de\/WP\/wp-content\/uploads\/2025\/06\/WhatsApp-Bild-2025-05-04-um-15.07.32_185ad790-1.jpg 1600w, https:\/\/www.schneppendorf-pro-natur.de\/WP\/wp-content\/uploads\/2025\/06\/WhatsApp-Bild-2025-05-04-um-15.07.32_185ad790-1-300x225.jpg 300w, https:\/\/www.schneppendorf-pro-natur.de\/WP\/wp-content\/uploads\/2025\/06\/WhatsApp-Bild-2025-05-04-um-15.07.32_185ad790-1-1024x768.jpg 1024w, https:\/\/www.schneppendorf-pro-natur.de\/WP\/wp-content\/uploads\/2025\/06\/WhatsApp-Bild-2025-05-04-um-15.07.32_185ad790-1-768x576.jpg 768w, https:\/\/www.schneppendorf-pro-natur.de\/WP\/wp-content\/uploads\/2025\/06\/WhatsApp-Bild-2025-05-04-um-15.07.32_185ad790-1-1536x1152.jpg 1536w, https:\/\/www.schneppendorf-pro-natur.de\/WP\/wp-content\/uploads\/2025\/06\/WhatsApp-Bild-2025-05-04-um-15.07.32_185ad790-1-624x468.jpg 624w\" sizes=\"auto, (max-width: 1600px) 100vw, 1600px\" \/><\/figure>\n\n\n\n<figure class=\"wp-block-image size-full\"><img loading=\"lazy\" decoding=\"async\" width=\"1600\" height=\"1200\" data-id=\"387\" src=\"https:\/\/www.schneppendorf-pro-natur.de\/WP\/wp-content\/uploads\/2025\/06\/WhatsApp-Bild-2025-05-04-um-15.07.36_d26e2041.jpg\" alt=\"\" class=\"wp-image-387\" srcset=\"https:\/\/www.schneppendorf-pro-natur.de\/WP\/wp-content\/uploads\/2025\/06\/WhatsApp-Bild-2025-05-04-um-15.07.36_d26e2041.jpg 1600w, https:\/\/www.schneppendorf-pro-natur.de\/WP\/wp-content\/uploads\/2025\/06\/WhatsApp-Bild-2025-05-04-um-15.07.36_d26e2041-300x225.jpg 300w, https:\/\/www.schneppendorf-pro-natur.de\/WP\/wp-content\/uploads\/2025\/06\/WhatsApp-Bild-2025-05-04-um-15.07.36_d26e2041-1024x768.jpg 1024w, https:\/\/www.schneppendorf-pro-natur.de\/WP\/wp-content\/uploads\/2025\/06\/WhatsApp-Bild-2025-05-04-um-15.07.36_d26e2041-768x576.jpg 768w, https:\/\/www.schneppendorf-pro-natur.de\/WP\/wp-content\/uploads\/2025\/06\/WhatsApp-Bild-2025-05-04-um-15.07.36_d26e2041-1536x1152.jpg 1536w, https:\/\/www.schneppendorf-pro-natur.de\/WP\/wp-content\/uploads\/2025\/06\/WhatsApp-Bild-2025-05-04-um-15.07.36_d26e2041-624x468.jpg 624w\" sizes=\"auto, (max-width: 1600px) 100vw, 1600px\" \/><\/figure>\n\n\n\n<figure class=\"wp-block-image size-full\"><img loading=\"lazy\" decoding=\"async\" width=\"1928\" height=\"2560\" data-id=\"391\" src=\"https:\/\/www.schneppendorf-pro-natur.de\/WP\/wp-content\/uploads\/2025\/06\/IMG_20250503_105025220-scaled.jpg\" alt=\"\" class=\"wp-image-391\" srcset=\"https:\/\/www.schneppendorf-pro-natur.de\/WP\/wp-content\/uploads\/2025\/06\/IMG_20250503_105025220-scaled.jpg 1928w, https:\/\/www.schneppendorf-pro-natur.de\/WP\/wp-content\/uploads\/2025\/06\/IMG_20250503_105025220-226x300.jpg 226w, https:\/\/www.schneppendorf-pro-natur.de\/WP\/wp-content\/uploads\/2025\/06\/IMG_20250503_105025220-771x1024.jpg 771w, https:\/\/www.schneppendorf-pro-natur.de\/WP\/wp-content\/uploads\/2025\/06\/IMG_20250503_105025220-768x1020.jpg 768w, https:\/\/www.schneppendorf-pro-natur.de\/WP\/wp-content\/uploads\/2025\/06\/IMG_20250503_105025220-1157x1536.jpg 1157w, https:\/\/www.schneppendorf-pro-natur.de\/WP\/wp-content\/uploads\/2025\/06\/IMG_20250503_105025220-1542x2048.jpg 1542w, https:\/\/www.schneppendorf-pro-natur.de\/WP\/wp-content\/uploads\/2025\/06\/IMG_20250503_105025220-624x829.jpg 624w\" sizes=\"auto, (max-width: 1928px) 100vw, 1928px\" \/><\/figure>\n<\/figure>\n\n\n\n<p>An einem der Teiche war auch <strong>kurz ein Froschkonzert zu h\u00f6ren<\/strong>, das die besondere Atmosph\u00e4re der Exkursion noch unterstrich.<\/p>\n\n\n\n<p>Wir danken Andreas Trautmann herzlich f\u00fcr die spannenden Einblicke und allen Teilnehmenden f\u00fcr ihr Interesse und ihre Aufmerksamkeit. Solche Begegnungen st\u00e4rken das Verst\u00e4ndnis f\u00fcr den Schutz unserer heimischen Artenvielfalt.<\/p>\n","protected":false},"excerpt":{"rendered":"<p>Auf Einladung der B\u00fcrgerinitiative Pro Natur fand am 3. Mai 2024 eine naturkundliche Wanderung durch den Graurock statt. Fachlich begleitet wurden wir auf der Tour von Andreas Trautmann, einen Amphibienexperten. Auf der kleinen Runde wurde schnell deutlich, wie stark die anhaltende Trockenheit die Vegetation bereits beeinflusst. Vertrocknete B\u00f6den und ausbleibende Bodenfeuchte zeigen, wie wichtig funktionierende [&hellip;]<\/p>\n","protected":false},"author":1,"featured_media":0,"comment_status":"closed","ping_status":"open","sticky":false,"template":"","format":"standard","meta":{"footnotes":""},"categories":[1],"tags":[],"class_list":["post-378","post","type-post","status-publish","format-standard","hentry","category-vorstand"],"_links":{"self":[{"href":"https:\/\/www.schneppendorf-pro-natur.de\/WP\/wp-json\/wp\/v2\/posts\/378","targetHints":{"allow":["GET"]}}],"collection":[{"href":"https:\/\/www.schneppendorf-pro-natur.de\/WP\/wp-json\/wp\/v2\/posts"}],"about":[{"href":"https:\/\/www.schneppendorf-pro-natur.de\/WP\/wp-json\/wp\/v2\/types\/post"}],"author":[{"embeddable":true,"href":"https:\/\/www.schneppendorf-pro-natur.de\/WP\/wp-json\/wp\/v2\/users\/1"}],"replies":[{"embeddable":true,"href":"https:\/\/www.schneppendorf-pro-natur.de\/WP\/wp-json\/wp\/v2\/comments?post=378"}],"version-history":[{"count":2,"href":"https:\/\/www.schneppendorf-pro-natur.de\/WP\/wp-json\/wp\/v2\/posts\/378\/revisions"}],"predecessor-version":[{"id":395,"href":"https:\/\/www.schneppendorf-pro-natur.de\/WP\/wp-json\/wp\/v2\/posts\/378\/revisions\/395"}],"wp:attachment":[{"href":"https:\/\/www.schneppendorf-pro-natur.de\/WP\/wp-json\/wp\/v2\/media?parent=378"}],"wp:term":[{"taxonomy":"category","embeddable":true,"href":"https:\/\/www.schneppendorf-pro-natur.de\/WP\/wp-json\/wp\/v2\/categories?post=378"},{"taxonomy":"post_tag","embeddable":true,"href":"https:\/\/www.schneppendorf-pro-natur.de\/WP\/wp-json\/wp\/v2\/tags?post=378"}],"curies":[{"name":"wp","href":"https:\/\/api.w.org\/{rel}","templated":true}]}}