{"id":400,"date":"2025-09-27T18:01:26","date_gmt":"2025-09-27T16:01:26","guid":{"rendered":"https:\/\/www.schneppendorf-pro-natur.de\/WP\/?p=400"},"modified":"2025-09-27T18:01:26","modified_gmt":"2025-09-27T16:01:26","slug":"%f0%9f%8d%8e-erfolgreiche-sortenbestimmung-aepfel-und-birnen-%f0%9f%8d%90","status":"publish","type":"post","link":"https:\/\/www.schneppendorf-pro-natur.de\/WP\/2025\/09\/27\/%f0%9f%8d%8e-erfolgreiche-sortenbestimmung-aepfel-und-birnen-%f0%9f%8d%90\/","title":{"rendered":"\ud83c\udf4e Erfolgreiche Sortenbestimmung \u201e\u00c4pfel und Birnen\u201c \ud83c\udf50"},"content":{"rendered":"\n<p>Am Samstag, den 27. September, war der Dorfplatz in Schneppendorf gut besucht: <strong>G\u00e4ste aus Nah und Fern<\/strong> nutzten die Gelegenheit, ihre mitgebrachten \u00c4pfel und Birnen von unserem Experten bestimmen zu lassen. Viele Sorten konnten eindeutig zugeordnet werden \u2013 von bekannten Klassikern bis hin zu eher seltenen Funden.<\/p>\n\n\n\n<figure class=\"wp-block-gallery has-nested-images columns-default is-cropped wp-block-gallery-1 is-layout-flex wp-block-gallery-is-layout-flex\">\n<figure class=\"wp-block-image size-large\"><img loading=\"lazy\" decoding=\"async\" width=\"771\" height=\"1024\" data-id=\"405\" src=\"https:\/\/www.schneppendorf-pro-natur.de\/WP\/wp-content\/uploads\/2025\/09\/IMG_20250927_130143869-771x1024.jpg\" alt=\"\" class=\"wp-image-405\" srcset=\"https:\/\/www.schneppendorf-pro-natur.de\/WP\/wp-content\/uploads\/2025\/09\/IMG_20250927_130143869-771x1024.jpg 771w, https:\/\/www.schneppendorf-pro-natur.de\/WP\/wp-content\/uploads\/2025\/09\/IMG_20250927_130143869-226x300.jpg 226w, https:\/\/www.schneppendorf-pro-natur.de\/WP\/wp-content\/uploads\/2025\/09\/IMG_20250927_130143869-768x1020.jpg 768w, https:\/\/www.schneppendorf-pro-natur.de\/WP\/wp-content\/uploads\/2025\/09\/IMG_20250927_130143869-1157x1536.jpg 1157w, https:\/\/www.schneppendorf-pro-natur.de\/WP\/wp-content\/uploads\/2025\/09\/IMG_20250927_130143869-1542x2048.jpg 1542w, https:\/\/www.schneppendorf-pro-natur.de\/WP\/wp-content\/uploads\/2025\/09\/IMG_20250927_130143869-624x829.jpg 624w, https:\/\/www.schneppendorf-pro-natur.de\/WP\/wp-content\/uploads\/2025\/09\/IMG_20250927_130143869-scaled.jpg 1928w\" sizes=\"auto, (max-width: 771px) 100vw, 771px\" \/><\/figure>\n\n\n\n<figure class=\"wp-block-image size-large\"><img loading=\"lazy\" decoding=\"async\" width=\"771\" height=\"1024\" data-id=\"403\" src=\"https:\/\/www.schneppendorf-pro-natur.de\/WP\/wp-content\/uploads\/2025\/09\/IMG_20250927_093217275_HDR-2-771x1024.jpg\" alt=\"\" class=\"wp-image-403\" srcset=\"https:\/\/www.schneppendorf-pro-natur.de\/WP\/wp-content\/uploads\/2025\/09\/IMG_20250927_093217275_HDR-2-771x1024.jpg 771w, https:\/\/www.schneppendorf-pro-natur.de\/WP\/wp-content\/uploads\/2025\/09\/IMG_20250927_093217275_HDR-2-226x300.jpg 226w, https:\/\/www.schneppendorf-pro-natur.de\/WP\/wp-content\/uploads\/2025\/09\/IMG_20250927_093217275_HDR-2-768x1020.jpg 768w, https:\/\/www.schneppendorf-pro-natur.de\/WP\/wp-content\/uploads\/2025\/09\/IMG_20250927_093217275_HDR-2-1157x1536.jpg 1157w, https:\/\/www.schneppendorf-pro-natur.de\/WP\/wp-content\/uploads\/2025\/09\/IMG_20250927_093217275_HDR-2-1542x2048.jpg 1542w, https:\/\/www.schneppendorf-pro-natur.de\/WP\/wp-content\/uploads\/2025\/09\/IMG_20250927_093217275_HDR-2-624x829.jpg 624w, https:\/\/www.schneppendorf-pro-natur.de\/WP\/wp-content\/uploads\/2025\/09\/IMG_20250927_093217275_HDR-2-scaled.jpg 1928w\" sizes=\"auto, (max-width: 771px) 100vw, 771px\" \/><\/figure>\n\n\n\n<figure class=\"wp-block-image size-large\"><img loading=\"lazy\" decoding=\"async\" width=\"771\" height=\"1024\" data-id=\"413\" src=\"https:\/\/www.schneppendorf-pro-natur.de\/WP\/wp-content\/uploads\/2025\/09\/IMG_20250927_093224358-771x1024.jpg\" alt=\"\" class=\"wp-image-413\" srcset=\"https:\/\/www.schneppendorf-pro-natur.de\/WP\/wp-content\/uploads\/2025\/09\/IMG_20250927_093224358-771x1024.jpg 771w, https:\/\/www.schneppendorf-pro-natur.de\/WP\/wp-content\/uploads\/2025\/09\/IMG_20250927_093224358-226x300.jpg 226w, https:\/\/www.schneppendorf-pro-natur.de\/WP\/wp-content\/uploads\/2025\/09\/IMG_20250927_093224358-768x1020.jpg 768w, https:\/\/www.schneppendorf-pro-natur.de\/WP\/wp-content\/uploads\/2025\/09\/IMG_20250927_093224358-1157x1536.jpg 1157w, https:\/\/www.schneppendorf-pro-natur.de\/WP\/wp-content\/uploads\/2025\/09\/IMG_20250927_093224358-1542x2048.jpg 1542w, https:\/\/www.schneppendorf-pro-natur.de\/WP\/wp-content\/uploads\/2025\/09\/IMG_20250927_093224358-624x829.jpg 624w, https:\/\/www.schneppendorf-pro-natur.de\/WP\/wp-content\/uploads\/2025\/09\/IMG_20250927_093224358-scaled.jpg 1928w\" sizes=\"auto, (max-width: 771px) 100vw, 771px\" \/><\/figure>\n\n\n\n<figure class=\"wp-block-image size-large\"><img loading=\"lazy\" decoding=\"async\" width=\"771\" height=\"1024\" data-id=\"409\" src=\"https:\/\/www.schneppendorf-pro-natur.de\/WP\/wp-content\/uploads\/2025\/09\/IMG_20250927_093258793-771x1024.jpg\" alt=\"\" class=\"wp-image-409\" srcset=\"https:\/\/www.schneppendorf-pro-natur.de\/WP\/wp-content\/uploads\/2025\/09\/IMG_20250927_093258793-771x1024.jpg 771w, https:\/\/www.schneppendorf-pro-natur.de\/WP\/wp-content\/uploads\/2025\/09\/IMG_20250927_093258793-226x300.jpg 226w, https:\/\/www.schneppendorf-pro-natur.de\/WP\/wp-content\/uploads\/2025\/09\/IMG_20250927_093258793-768x1020.jpg 768w, https:\/\/www.schneppendorf-pro-natur.de\/WP\/wp-content\/uploads\/2025\/09\/IMG_20250927_093258793-1157x1536.jpg 1157w, https:\/\/www.schneppendorf-pro-natur.de\/WP\/wp-content\/uploads\/2025\/09\/IMG_20250927_093258793-1542x2048.jpg 1542w, https:\/\/www.schneppendorf-pro-natur.de\/WP\/wp-content\/uploads\/2025\/09\/IMG_20250927_093258793-624x829.jpg 624w, https:\/\/www.schneppendorf-pro-natur.de\/WP\/wp-content\/uploads\/2025\/09\/IMG_20250927_093258793-scaled.jpg 1928w\" sizes=\"auto, (max-width: 771px) 100vw, 771px\" \/><\/figure>\n\n\n\n<figure class=\"wp-block-image size-large\"><img loading=\"lazy\" decoding=\"async\" width=\"771\" height=\"1024\" data-id=\"408\" src=\"https:\/\/www.schneppendorf-pro-natur.de\/WP\/wp-content\/uploads\/2025\/09\/IMG_20250927_113034976-771x1024.jpg\" alt=\"\" class=\"wp-image-408\" srcset=\"https:\/\/www.schneppendorf-pro-natur.de\/WP\/wp-content\/uploads\/2025\/09\/IMG_20250927_113034976-771x1024.jpg 771w, https:\/\/www.schneppendorf-pro-natur.de\/WP\/wp-content\/uploads\/2025\/09\/IMG_20250927_113034976-226x300.jpg 226w, https:\/\/www.schneppendorf-pro-natur.de\/WP\/wp-content\/uploads\/2025\/09\/IMG_20250927_113034976-768x1020.jpg 768w, https:\/\/www.schneppendorf-pro-natur.de\/WP\/wp-content\/uploads\/2025\/09\/IMG_20250927_113034976-1157x1536.jpg 1157w, https:\/\/www.schneppendorf-pro-natur.de\/WP\/wp-content\/uploads\/2025\/09\/IMG_20250927_113034976-1542x2048.jpg 1542w, https:\/\/www.schneppendorf-pro-natur.de\/WP\/wp-content\/uploads\/2025\/09\/IMG_20250927_113034976-624x829.jpg 624w, https:\/\/www.schneppendorf-pro-natur.de\/WP\/wp-content\/uploads\/2025\/09\/IMG_20250927_113034976-scaled.jpg 1928w\" sizes=\"auto, (max-width: 771px) 100vw, 771px\" \/><\/figure>\n\n\n\n<figure class=\"wp-block-image size-large\"><img loading=\"lazy\" decoding=\"async\" width=\"771\" height=\"1024\" data-id=\"411\" src=\"https:\/\/www.schneppendorf-pro-natur.de\/WP\/wp-content\/uploads\/2025\/09\/IMG_20250927_113755776-771x1024.jpg\" alt=\"\" class=\"wp-image-411\" srcset=\"https:\/\/www.schneppendorf-pro-natur.de\/WP\/wp-content\/uploads\/2025\/09\/IMG_20250927_113755776-771x1024.jpg 771w, https:\/\/www.schneppendorf-pro-natur.de\/WP\/wp-content\/uploads\/2025\/09\/IMG_20250927_113755776-226x300.jpg 226w, https:\/\/www.schneppendorf-pro-natur.de\/WP\/wp-content\/uploads\/2025\/09\/IMG_20250927_113755776-768x1020.jpg 768w, https:\/\/www.schneppendorf-pro-natur.de\/WP\/wp-content\/uploads\/2025\/09\/IMG_20250927_113755776-1157x1536.jpg 1157w, https:\/\/www.schneppendorf-pro-natur.de\/WP\/wp-content\/uploads\/2025\/09\/IMG_20250927_113755776-1542x2048.jpg 1542w, https:\/\/www.schneppendorf-pro-natur.de\/WP\/wp-content\/uploads\/2025\/09\/IMG_20250927_113755776-624x829.jpg 624w, https:\/\/www.schneppendorf-pro-natur.de\/WP\/wp-content\/uploads\/2025\/09\/IMG_20250927_113755776-scaled.jpg 1928w\" sizes=\"auto, (max-width: 771px) 100vw, 771px\" \/><\/figure>\n\n\n\n<figure class=\"wp-block-image size-large\"><img loading=\"lazy\" decoding=\"async\" width=\"771\" height=\"1024\" data-id=\"410\" src=\"https:\/\/www.schneppendorf-pro-natur.de\/WP\/wp-content\/uploads\/2025\/09\/IMG_20250927_113822922-771x1024.jpg\" alt=\"\" class=\"wp-image-410\" srcset=\"https:\/\/www.schneppendorf-pro-natur.de\/WP\/wp-content\/uploads\/2025\/09\/IMG_20250927_113822922-771x1024.jpg 771w, https:\/\/www.schneppendorf-pro-natur.de\/WP\/wp-content\/uploads\/2025\/09\/IMG_20250927_113822922-226x300.jpg 226w, https:\/\/www.schneppendorf-pro-natur.de\/WP\/wp-content\/uploads\/2025\/09\/IMG_20250927_113822922-768x1020.jpg 768w, https:\/\/www.schneppendorf-pro-natur.de\/WP\/wp-content\/uploads\/2025\/09\/IMG_20250927_113822922-1157x1536.jpg 1157w, https:\/\/www.schneppendorf-pro-natur.de\/WP\/wp-content\/uploads\/2025\/09\/IMG_20250927_113822922-1542x2048.jpg 1542w, https:\/\/www.schneppendorf-pro-natur.de\/WP\/wp-content\/uploads\/2025\/09\/IMG_20250927_113822922-624x829.jpg 624w, https:\/\/www.schneppendorf-pro-natur.de\/WP\/wp-content\/uploads\/2025\/09\/IMG_20250927_113822922-scaled.jpg 1928w\" sizes=\"auto, (max-width: 771px) 100vw, 771px\" \/><\/figure>\n\n\n\n<figure class=\"wp-block-image size-large\"><img loading=\"lazy\" decoding=\"async\" width=\"771\" height=\"1024\" data-id=\"404\" src=\"https:\/\/www.schneppendorf-pro-natur.de\/WP\/wp-content\/uploads\/2025\/09\/IMG_20250927_114803697-771x1024.jpg\" alt=\"\" class=\"wp-image-404\" srcset=\"https:\/\/www.schneppendorf-pro-natur.de\/WP\/wp-content\/uploads\/2025\/09\/IMG_20250927_114803697-771x1024.jpg 771w, https:\/\/www.schneppendorf-pro-natur.de\/WP\/wp-content\/uploads\/2025\/09\/IMG_20250927_114803697-226x300.jpg 226w, https:\/\/www.schneppendorf-pro-natur.de\/WP\/wp-content\/uploads\/2025\/09\/IMG_20250927_114803697-768x1020.jpg 768w, https:\/\/www.schneppendorf-pro-natur.de\/WP\/wp-content\/uploads\/2025\/09\/IMG_20250927_114803697-1157x1536.jpg 1157w, https:\/\/www.schneppendorf-pro-natur.de\/WP\/wp-content\/uploads\/2025\/09\/IMG_20250927_114803697-1542x2048.jpg 1542w, https:\/\/www.schneppendorf-pro-natur.de\/WP\/wp-content\/uploads\/2025\/09\/IMG_20250927_114803697-624x829.jpg 624w, https:\/\/www.schneppendorf-pro-natur.de\/WP\/wp-content\/uploads\/2025\/09\/IMG_20250927_114803697-scaled.jpg 1928w\" sizes=\"auto, (max-width: 771px) 100vw, 771px\" \/><\/figure>\n\n\n\n<figure class=\"wp-block-image size-large\"><img loading=\"lazy\" decoding=\"async\" width=\"771\" height=\"1024\" data-id=\"407\" src=\"https:\/\/www.schneppendorf-pro-natur.de\/WP\/wp-content\/uploads\/2025\/09\/IMG_20250927_120845109-771x1024.jpg\" alt=\"\" class=\"wp-image-407\" srcset=\"https:\/\/www.schneppendorf-pro-natur.de\/WP\/wp-content\/uploads\/2025\/09\/IMG_20250927_120845109-771x1024.jpg 771w, https:\/\/www.schneppendorf-pro-natur.de\/WP\/wp-content\/uploads\/2025\/09\/IMG_20250927_120845109-226x300.jpg 226w, https:\/\/www.schneppendorf-pro-natur.de\/WP\/wp-content\/uploads\/2025\/09\/IMG_20250927_120845109-768x1020.jpg 768w, https:\/\/www.schneppendorf-pro-natur.de\/WP\/wp-content\/uploads\/2025\/09\/IMG_20250927_120845109-1157x1536.jpg 1157w, https:\/\/www.schneppendorf-pro-natur.de\/WP\/wp-content\/uploads\/2025\/09\/IMG_20250927_120845109-1542x2048.jpg 1542w, https:\/\/www.schneppendorf-pro-natur.de\/WP\/wp-content\/uploads\/2025\/09\/IMG_20250927_120845109-624x829.jpg 624w, https:\/\/www.schneppendorf-pro-natur.de\/WP\/wp-content\/uploads\/2025\/09\/IMG_20250927_120845109-scaled.jpg 1928w\" sizes=\"auto, (max-width: 771px) 100vw, 771px\" \/><\/figure>\n<\/figure>\n\n\n\n<p>Neben der Sortenbestimmung standen vor allem der <strong>Austausch von Wissen und Erfahrungen<\/strong> im Mittelpunkt. Bei <strong>Kaffee und hausgemachtem Apfelkuchen<\/strong> entstanden zahlreiche spannende Gespr\u00e4che rund um den Obstanbau, alte Sorten und die Pflege von Streuobstwiesen.<\/p>\n\n\n\n<p>Wir bedanken uns herzlich bei allen Besucherinnen und Besuchern f\u00fcr das gro\u00dfe Interesse und die Unterst\u00fctzung.<br>Wir freuen uns schon jetzt auf weitere <strong>Naturschutzveranstaltungen<\/strong> und gemeinsame Erlebnisse rund um die Natur in und um Schneppendorf!<\/p>\n","protected":false},"excerpt":{"rendered":"<p>Am Samstag, den 27. September, war der Dorfplatz in Schneppendorf gut besucht: G\u00e4ste aus Nah und Fern nutzten die Gelegenheit, ihre mitgebrachten \u00c4pfel und Birnen von unserem Experten bestimmen zu lassen. Viele Sorten konnten eindeutig zugeordnet werden \u2013 von bekannten Klassikern bis hin zu eher seltenen Funden. Neben der Sortenbestimmung standen vor allem der Austausch [&hellip;]<\/p>\n","protected":false},"author":1,"featured_media":415,"comment_status":"open","ping_status":"open","sticky":false,"template":"","format":"standard","meta":{"footnotes":""},"categories":[1],"tags":[9],"class_list":["post-400","post","type-post","status-publish","format-standard","has-post-thumbnail","hentry","category-vorstand","tag-veranstaltung"],"_links":{"self":[{"href":"https:\/\/www.schneppendorf-pro-natur.de\/WP\/wp-json\/wp\/v2\/posts\/400","targetHints":{"allow":["GET"]}}],"collection":[{"href":"https:\/\/www.schneppendorf-pro-natur.de\/WP\/wp-json\/wp\/v2\/posts"}],"about":[{"href":"https:\/\/www.schneppendorf-pro-natur.de\/WP\/wp-json\/wp\/v2\/types\/post"}],"author":[{"embeddable":true,"href":"https:\/\/www.schneppendorf-pro-natur.de\/WP\/wp-json\/wp\/v2\/users\/1"}],"replies":[{"embeddable":true,"href":"https:\/\/www.schneppendorf-pro-natur.de\/WP\/wp-json\/wp\/v2\/comments?post=400"}],"version-history":[{"count":1,"href":"https:\/\/www.schneppendorf-pro-natur.de\/WP\/wp-json\/wp\/v2\/posts\/400\/revisions"}],"predecessor-version":[{"id":414,"href":"https:\/\/www.schneppendorf-pro-natur.de\/WP\/wp-json\/wp\/v2\/posts\/400\/revisions\/414"}],"wp:featuredmedia":[{"embeddable":true,"href":"https:\/\/www.schneppendorf-pro-natur.de\/WP\/wp-json\/wp\/v2\/media\/415"}],"wp:attachment":[{"href":"https:\/\/www.schneppendorf-pro-natur.de\/WP\/wp-json\/wp\/v2\/media?parent=400"}],"wp:term":[{"taxonomy":"category","embeddable":true,"href":"https:\/\/www.schneppendorf-pro-natur.de\/WP\/wp-json\/wp\/v2\/categories?post=400"},{"taxonomy":"post_tag","embeddable":true,"href":"https:\/\/www.schneppendorf-pro-natur.de\/WP\/wp-json\/wp\/v2\/tags?post=400"}],"curies":[{"name":"wp","href":"https:\/\/api.w.org\/{rel}","templated":true}]}}