{"id":420,"date":"2025-11-27T18:29:11","date_gmt":"2025-11-27T17:29:11","guid":{"rendered":"https:\/\/www.schneppendorf-pro-natur.de\/WP\/?p=420"},"modified":"2025-11-27T18:29:11","modified_gmt":"2025-11-27T17:29:11","slug":"weihnachtstraktor-2025","status":"publish","type":"post","link":"https:\/\/www.schneppendorf-pro-natur.de\/WP\/2025\/11\/27\/weihnachtstraktor-2025\/","title":{"rendered":"Weihnachtstraktor 2025"},"content":{"rendered":"\n<figure class=\"wp-block-image size-large\"><img loading=\"lazy\" decoding=\"async\" width=\"724\" height=\"1024\" src=\"https:\/\/www.schneppendorf-pro-natur.de\/WP\/wp-content\/uploads\/2025\/11\/Weihnachtstraktor-724x1024.jpg\" alt=\"\" class=\"wp-image-421\" srcset=\"https:\/\/www.schneppendorf-pro-natur.de\/WP\/wp-content\/uploads\/2025\/11\/Weihnachtstraktor-724x1024.jpg 724w, https:\/\/www.schneppendorf-pro-natur.de\/WP\/wp-content\/uploads\/2025\/11\/Weihnachtstraktor-212x300.jpg 212w, https:\/\/www.schneppendorf-pro-natur.de\/WP\/wp-content\/uploads\/2025\/11\/Weihnachtstraktor-768x1086.jpg 768w, https:\/\/www.schneppendorf-pro-natur.de\/WP\/wp-content\/uploads\/2025\/11\/Weihnachtstraktor-1086x1536.jpg 1086w, https:\/\/www.schneppendorf-pro-natur.de\/WP\/wp-content\/uploads\/2025\/11\/Weihnachtstraktor-1448x2048.jpg 1448w, https:\/\/www.schneppendorf-pro-natur.de\/WP\/wp-content\/uploads\/2025\/11\/Weihnachtstraktor-624x883.jpg 624w, https:\/\/www.schneppendorf-pro-natur.de\/WP\/wp-content\/uploads\/2025\/11\/Weihnachtstraktor.jpg 1587w\" sizes=\"auto, (max-width: 724px) 100vw, 724px\" \/><\/figure>\n\n\n\n<p>Auch in diesem Jahr f\u00e4hrt der Weihnachtstraktor wieder durch unseren Ort und sorgt f\u00fcr weihnachtliche Stimmung.<br>Freut euch auf den Weihnachtsmann, Lichterglanz, <strong>kleine Geschenke f\u00fcr die Kinder<\/strong> und <strong>Gl\u00fchwein f\u00fcr die Erwachsenen<\/strong>.<\/p>\n\n\n\n<p>Neu in diesem Jahr: <strong>Der Weihnachtstraktor f\u00e4hrt auch nach Crossen<\/strong> zum Adventstreffen des Heimatvereins. <\/p>\n\n\n\n<p>Kommt vorbei und genie\u00dft ein bisschen Weihnachtszauber am Stra\u00dfenrand.<\/p>\n\n\n\n<p><\/p>\n","protected":false},"excerpt":{"rendered":"<p>Auch in diesem Jahr f\u00e4hrt der Weihnachtstraktor wieder durch unseren Ort und sorgt f\u00fcr weihnachtliche Stimmung.Freut euch auf den Weihnachtsmann, Lichterglanz, kleine Geschenke f\u00fcr die Kinder und Gl\u00fchwein f\u00fcr die Erwachsenen. Neu in diesem Jahr: Der Weihnachtstraktor f\u00e4hrt auch nach Crossen zum Adventstreffen des Heimatvereins. Kommt vorbei und genie\u00dft ein bisschen Weihnachtszauber am Stra\u00dfenrand.<\/p>\n","protected":false},"author":1,"featured_media":0,"comment_status":"closed","ping_status":"open","sticky":false,"template":"","format":"standard","meta":{"footnotes":""},"categories":[1],"tags":[],"class_list":["post-420","post","type-post","status-publish","format-standard","hentry","category-vorstand"],"_links":{"self":[{"href":"https:\/\/www.schneppendorf-pro-natur.de\/WP\/wp-json\/wp\/v2\/posts\/420","targetHints":{"allow":["GET"]}}],"collection":[{"href":"https:\/\/www.schneppendorf-pro-natur.de\/WP\/wp-json\/wp\/v2\/posts"}],"about":[{"href":"https:\/\/www.schneppendorf-pro-natur.de\/WP\/wp-json\/wp\/v2\/types\/post"}],"author":[{"embeddable":true,"href":"https:\/\/www.schneppendorf-pro-natur.de\/WP\/wp-json\/wp\/v2\/users\/1"}],"replies":[{"embeddable":true,"href":"https:\/\/www.schneppendorf-pro-natur.de\/WP\/wp-json\/wp\/v2\/comments?post=420"}],"version-history":[{"count":1,"href":"https:\/\/www.schneppendorf-pro-natur.de\/WP\/wp-json\/wp\/v2\/posts\/420\/revisions"}],"predecessor-version":[{"id":422,"href":"https:\/\/www.schneppendorf-pro-natur.de\/WP\/wp-json\/wp\/v2\/posts\/420\/revisions\/422"}],"wp:attachment":[{"href":"https:\/\/www.schneppendorf-pro-natur.de\/WP\/wp-json\/wp\/v2\/media?parent=420"}],"wp:term":[{"taxonomy":"category","embeddable":true,"href":"https:\/\/www.schneppendorf-pro-natur.de\/WP\/wp-json\/wp\/v2\/categories?post=420"},{"taxonomy":"post_tag","embeddable":true,"href":"https:\/\/www.schneppendorf-pro-natur.de\/WP\/wp-json\/wp\/v2\/tags?post=420"}],"curies":[{"name":"wp","href":"https:\/\/api.w.org\/{rel}","templated":true}]}}