{"id":423,"date":"2025-11-24T18:29:16","date_gmt":"2025-11-24T17:29:16","guid":{"rendered":"https:\/\/www.schneppendorf-pro-natur.de\/WP\/?p=423"},"modified":"2025-11-27T18:44:54","modified_gmt":"2025-11-27T17:44:54","slug":"rueckblick-netzwerktreffen-der-buergerinitiativen","status":"publish","type":"post","link":"https:\/\/www.schneppendorf-pro-natur.de\/WP\/2025\/11\/24\/rueckblick-netzwerktreffen-der-buergerinitiativen\/","title":{"rendered":"R\u00fcckblick: Netzwerktreffen der B\u00fcrgerinitiativen"},"content":{"rendered":"\n<p>Am <strong>8. November<\/strong> kam im <strong>Gr\u00fcnen Quartier in Leipzig<\/strong> eine engagierte Runde verschiedener B\u00fcrgerinitiativen zusammen, um sich auszutauschen, voneinander zu lernen und gemeinsame Themen zu besprechen. Als B\u00fcrgerinitiative waren wir nicht nur Teilnehmende, sondern auch aktiv an der Organisation beteiligt \u2013 gemeinsam mit dem<a href=\"https:\/\/grueneliga.de\/index.php\/de\/themen-projekte\/gesteinsabbau\"> <strong>Netzwerk der Initiativgruppen Gesteinsabbau e. V.<\/strong><\/a>, in dem wir Mitglied sind.<\/p>\n\n\n\n<p>Ziel des Treffens war der Austausch, die Beratung zu neuen Rechtsprechungen sowie das gegenseitige Unterst\u00fctzen in aktuellen Themen. Es zeigte sich: Jede B\u00fcrgerinitiative steht vor eigenen Herausforderungen \u2013 und dennoch gibt es viele Gemeinsamkeiten. Genau dieser Austausch machte das Treffen besonders wertvoll.<\/p>\n\n\n\n<p>Ein herzliches Dankesch\u00f6n an alle Beteiligten sowie an Rechtsanw\u00e4ltin Philipp-Gerlach, die mit einem Impulsvortrag wichtige rechtliche Aspekte beleuchtet und anschlie\u00dfend zahlreiche Fragen beantwortet hat. Das Treffen hat erneut gezeigt, wie wichtig Vernetzung und Zusammenarbeit f\u00fcr unsere Arbeit sind.<\/p>\n\n\n\n<p><\/p>\n","protected":false},"excerpt":{"rendered":"<p>Am 8. November kam im Gr\u00fcnen Quartier in Leipzig eine engagierte Runde verschiedener B\u00fcrgerinitiativen zusammen, um sich auszutauschen, voneinander zu lernen und gemeinsame Themen zu besprechen. Als B\u00fcrgerinitiative waren wir nicht nur Teilnehmende, sondern auch aktiv an der Organisation beteiligt \u2013 gemeinsam mit dem Netzwerk der Initiativgruppen Gesteinsabbau e. V., in dem wir Mitglied sind. [&hellip;]<\/p>\n","protected":false},"author":1,"featured_media":0,"comment_status":"closed","ping_status":"open","sticky":false,"template":"","format":"standard","meta":{"footnotes":""},"categories":[1],"tags":[],"class_list":["post-423","post","type-post","status-publish","format-standard","hentry","category-vorstand"],"_links":{"self":[{"href":"https:\/\/www.schneppendorf-pro-natur.de\/WP\/wp-json\/wp\/v2\/posts\/423","targetHints":{"allow":["GET"]}}],"collection":[{"href":"https:\/\/www.schneppendorf-pro-natur.de\/WP\/wp-json\/wp\/v2\/posts"}],"about":[{"href":"https:\/\/www.schneppendorf-pro-natur.de\/WP\/wp-json\/wp\/v2\/types\/post"}],"author":[{"embeddable":true,"href":"https:\/\/www.schneppendorf-pro-natur.de\/WP\/wp-json\/wp\/v2\/users\/1"}],"replies":[{"embeddable":true,"href":"https:\/\/www.schneppendorf-pro-natur.de\/WP\/wp-json\/wp\/v2\/comments?post=423"}],"version-history":[{"count":1,"href":"https:\/\/www.schneppendorf-pro-natur.de\/WP\/wp-json\/wp\/v2\/posts\/423\/revisions"}],"predecessor-version":[{"id":424,"href":"https:\/\/www.schneppendorf-pro-natur.de\/WP\/wp-json\/wp\/v2\/posts\/423\/revisions\/424"}],"wp:attachment":[{"href":"https:\/\/www.schneppendorf-pro-natur.de\/WP\/wp-json\/wp\/v2\/media?parent=423"}],"wp:term":[{"taxonomy":"category","embeddable":true,"href":"https:\/\/www.schneppendorf-pro-natur.de\/WP\/wp-json\/wp\/v2\/categories?post=423"},{"taxonomy":"post_tag","embeddable":true,"href":"https:\/\/www.schneppendorf-pro-natur.de\/WP\/wp-json\/wp\/v2\/tags?post=423"}],"curies":[{"name":"wp","href":"https:\/\/api.w.org\/{rel}","templated":true}]}}