{"id":432,"date":"2026-02-11T11:34:00","date_gmt":"2026-02-11T10:34:00","guid":{"rendered":"https:\/\/www.schneppendorf-pro-natur.de\/WP\/?p=432"},"modified":"2026-02-19T12:39:15","modified_gmt":"2026-02-19T11:39:15","slug":"jahresplan-2026","status":"publish","type":"post","link":"https:\/\/www.schneppendorf-pro-natur.de\/WP\/2026\/02\/11\/jahresplan-2026\/","title":{"rendered":"Jahresplan 2026"},"content":{"rendered":"\n<p>Wir haben wieder einen kleinen, aber feinen Jahresplan f\u00fcr 2026 zusammengestellt. Da der Er\u00f6rterungstermin n\u00e4her r\u00fcckt, starten wir das Jahr mit einer Infoveranstaltung zur Vorbereitung.<\/p>\n\n\n\n<p>Im Mai bieten wir einen Sensenkurs an, im Juni findet unsere j\u00e4hrliche Mitgliederversammlung statt, und Anfang Juli wandern wir mit euch einmal ums Dorf und weihen dabei die neuen Ortswappenschilder ein.<\/p>\n\n\n\n<p>Im Herbst laden wir zu einer naturkundlichen Wanderung ein, und im Dezember f\u00e4hrt \u2013 schon fast traditionell \u2013 der Weihnachtstraktor durch das Dorf und bringt Geschenke sowie warme Getr\u00e4nke mit.<\/p>\n\n\n\n<figure class=\"wp-block-image size-large\"><img loading=\"lazy\" decoding=\"async\" width=\"724\" height=\"1024\" src=\"https:\/\/www.schneppendorf-pro-natur.de\/WP\/wp-content\/uploads\/2026\/02\/BI-2026-1-724x1024.jpg\" alt=\"\" class=\"wp-image-433\" srcset=\"https:\/\/www.schneppendorf-pro-natur.de\/WP\/wp-content\/uploads\/2026\/02\/BI-2026-1-724x1024.jpg 724w, https:\/\/www.schneppendorf-pro-natur.de\/WP\/wp-content\/uploads\/2026\/02\/BI-2026-1-212x300.jpg 212w, https:\/\/www.schneppendorf-pro-natur.de\/WP\/wp-content\/uploads\/2026\/02\/BI-2026-1-768x1086.jpg 768w, https:\/\/www.schneppendorf-pro-natur.de\/WP\/wp-content\/uploads\/2026\/02\/BI-2026-1-1086x1536.jpg 1086w, https:\/\/www.schneppendorf-pro-natur.de\/WP\/wp-content\/uploads\/2026\/02\/BI-2026-1-624x883.jpg 624w, https:\/\/www.schneppendorf-pro-natur.de\/WP\/wp-content\/uploads\/2026\/02\/BI-2026-1.jpg 1414w\" sizes=\"auto, (max-width: 724px) 100vw, 724px\" \/><\/figure>\n","protected":false},"excerpt":{"rendered":"<p>Wir haben wieder einen kleinen, aber feinen Jahresplan f\u00fcr 2026 zusammengestellt. Da der Er\u00f6rterungstermin n\u00e4her r\u00fcckt, starten wir das Jahr mit einer Infoveranstaltung zur Vorbereitung. Im Mai bieten wir einen Sensenkurs an, im Juni findet unsere j\u00e4hrliche Mitgliederversammlung statt, und Anfang Juli wandern wir mit euch einmal ums Dorf und weihen dabei die neuen Ortswappenschilder [&hellip;]<\/p>\n","protected":false},"author":1,"featured_media":0,"comment_status":"closed","ping_status":"open","sticky":false,"template":"","format":"standard","meta":{"footnotes":""},"categories":[1],"tags":[],"class_list":["post-432","post","type-post","status-publish","format-standard","hentry","category-vorstand"],"_links":{"self":[{"href":"https:\/\/www.schneppendorf-pro-natur.de\/WP\/wp-json\/wp\/v2\/posts\/432","targetHints":{"allow":["GET"]}}],"collection":[{"href":"https:\/\/www.schneppendorf-pro-natur.de\/WP\/wp-json\/wp\/v2\/posts"}],"about":[{"href":"https:\/\/www.schneppendorf-pro-natur.de\/WP\/wp-json\/wp\/v2\/types\/post"}],"author":[{"embeddable":true,"href":"https:\/\/www.schneppendorf-pro-natur.de\/WP\/wp-json\/wp\/v2\/users\/1"}],"replies":[{"embeddable":true,"href":"https:\/\/www.schneppendorf-pro-natur.de\/WP\/wp-json\/wp\/v2\/comments?post=432"}],"version-history":[{"count":1,"href":"https:\/\/www.schneppendorf-pro-natur.de\/WP\/wp-json\/wp\/v2\/posts\/432\/revisions"}],"predecessor-version":[{"id":434,"href":"https:\/\/www.schneppendorf-pro-natur.de\/WP\/wp-json\/wp\/v2\/posts\/432\/revisions\/434"}],"wp:attachment":[{"href":"https:\/\/www.schneppendorf-pro-natur.de\/WP\/wp-json\/wp\/v2\/media?parent=432"}],"wp:term":[{"taxonomy":"category","embeddable":true,"href":"https:\/\/www.schneppendorf-pro-natur.de\/WP\/wp-json\/wp\/v2\/categories?post=432"},{"taxonomy":"post_tag","embeddable":true,"href":"https:\/\/www.schneppendorf-pro-natur.de\/WP\/wp-json\/wp\/v2\/tags?post=432"}],"curies":[{"name":"wp","href":"https:\/\/api.w.org\/{rel}","templated":true}]}}